{"id":258860,"date":"2025-07-11T03:15:21","date_gmt":"2025-07-11T03:15:21","guid":{"rendered":"https:\/\/www.europesays.com\/de\/258860\/"},"modified":"2025-07-11T03:15:21","modified_gmt":"2025-07-11T03:15:21","slug":"stuermer-lukas-schleimer-unterschreibt-vertrag-bei-sv-wehen-wiesbaden","status":"publish","type":"post","link":"https:\/\/www.europesays.com\/de\/258860\/","title":{"rendered":"St\u00fcrmer Lukas Schleimer unterschreibt Vertrag bei SV Wehen Wiesbaden"},"content":{"rendered":"<p><strong>Der SV Wehen Wiesbaden verpflichtet einen neuen Offensivspieler mit Zweitliga-Erfahrung. Lukas Schleimer wechselt vom 1.FC N\u00fcrnberg zum SVWW.<\/strong><\/p>\n<p>Die Hessen sichern sich mit Schleimer einen Spieler, der laut Gesch\u00e4ftsf\u00fchrer Uwe St\u00f6ver &#8222;in der Offensive mehrere Positionen spielen&#8220; kann.\u00a0<\/p>\n<p>Vertrag bis 2028<\/p>\n<p>Der 25-J\u00e4hrige unterzeichnete laut einer Pressemitteilung des Vereins einen Dreijahresvertrag bis 2028. Bis zur letzten Saison stand der St\u00fcrmer beim Zweitligisten 1.FC N\u00fcrnberg unter Vertrag. Nun kommt er abl\u00f6sefrei zu den Rot-Schwarzen.<\/p>\n<p>&#8222;Richtig Bock&#8220;<\/p>\n<p>Entscheidend f\u00fcr seinen Wechsel sei der intensive Austausch\u00a0zum Trainerteam gewesen so der Offensivspieler. Vor allem durch\u00a0Co-Trainer Frank Steinmetz, den Schleimer noch aus gemeinsamen Zeiten in N\u00fcrnberg kennt, kam der fr\u00fchzeitige Kontakt\u00a0zustande.\u00a0Der Neuzugang hat nach eigener Aussage\u00a0\u201erichtig Bock auf den SVWW&#8220; und m\u00f6chte mit seiner\u00a0&#8222;Leistung zum Erfolg der Mannschaft beitragen und hier viel erreichen.&#8220;<\/p>\n","protected":false},"excerpt":{"rendered":"Der SV Wehen Wiesbaden verpflichtet einen neuen Offensivspieler mit Zweitliga-Erfahrung. Lukas Schleimer wechselt vom 1.FC N\u00fcrnberg zum SVWW.&hellip;\n","protected":false},"author":2,"featured_media":258861,"comment_status":"","ping_status":"","sticky":false,"template":"","format":"standard","meta":{"footnotes":""},"categories":[1847],"tags":[3364,29,548,663,3934,30,13,2052,14,15,12,4544],"class_list":{"0":"post-258860","1":"post","2":"type-post","3":"status-publish","4":"format-standard","5":"has-post-thumbnail","7":"category-wiesbaden","8":"tag-de","9":"tag-deutschland","10":"tag-eu","11":"tag-europa","12":"tag-europe","13":"tag-germany","14":"tag-headlines","15":"tag-hessen","16":"tag-nachrichten","17":"tag-news","18":"tag-schlagzeilen","19":"tag-wiesbaden"},"share_on_mastodon":{"url":"https:\/\/pubeurope.com\/@de\/114832429963333251","error":""},"_links":{"self":[{"href":"https:\/\/www.europesays.com\/de\/wp-json\/wp\/v2\/posts\/258860","targetHints":{"allow":["GET"]}}],"collection":[{"href":"https:\/\/www.europesays.com\/de\/wp-json\/wp\/v2\/posts"}],"about":[{"href":"https:\/\/www.europesays.com\/de\/wp-json\/wp\/v2\/types\/post"}],"author":[{"embeddable":true,"href":"https:\/\/www.europesays.com\/de\/wp-json\/wp\/v2\/users\/2"}],"replies":[{"embeddable":true,"href":"https:\/\/www.europesays.com\/de\/wp-json\/wp\/v2\/comments?post=258860"}],"version-history":[{"count":0,"href":"https:\/\/www.europesays.com\/de\/wp-json\/wp\/v2\/posts\/258860\/revisions"}],"wp:featuredmedia":[{"embeddable":true,"href":"https:\/\/www.europesays.com\/de\/wp-json\/wp\/v2\/media\/258861"}],"wp:attachment":[{"href":"https:\/\/www.europesays.com\/de\/wp-json\/wp\/v2\/media?parent=258860"}],"wp:term":[{"taxonomy":"category","embeddable":true,"href":"https:\/\/www.europesays.com\/de\/wp-json\/wp\/v2\/categories?post=258860"},{"taxonomy":"post_tag","embeddable":true,"href":"https:\/\/www.europesays.com\/de\/wp-json\/wp\/v2\/tags?post=258860"}],"curies":[{"name":"wp","href":"https:\/\/api.w.org\/{rel}","templated":true}]}}