{"id":258882,"date":"2025-07-11T03:29:10","date_gmt":"2025-07-11T03:29:10","guid":{"rendered":"https:\/\/www.europesays.com\/de\/258882\/"},"modified":"2025-07-11T03:29:10","modified_gmt":"2025-07-11T03:29:10","slug":"auswaertiges-amt-warnt-und-gibt-duesteren-einblick-in-putins-russland","status":"publish","type":"post","link":"https:\/\/www.europesays.com\/de\/258882\/","title":{"rendered":"Ausw\u00e4rtiges Amt warnt und gibt d\u00fcsteren Einblick in Putins Russland"},"content":{"rendered":"<ol class=\"id-DonaldBreadcrumb lp_west_breadcrumb id-DonaldBreadcrumb--default\" data-k5a-pos=\"west_breadcrumb\">\n<li class=\"id-Breadcrumb-item\"><a href=\"https:\/\/www.hna.de\/\" class=\"id-Breadcrumb-link\" data-id-ec=\"{\" shn=\"\" textlink=\"\" data-k5a-pos=\"1_startseite\" rel=\"nofollow noopener\" target=\"_blank\">Startseite<\/a><\/li>\n<li class=\"id-Breadcrumb-item\"><a href=\"https:\/\/www.hna.de\/welt\/\" class=\"id-Breadcrumb-link\" data-id-ec=\"{\" shn=\"\" textlink=\"\" data-k5a-pos=\"2_welt\" rel=\"nofollow noopener\" target=\"_blank\">Welt<\/a><\/li>\n<\/ol>\n<p class=\"id-Story-timestamp id-Story-timestamp--default\">Stand: 11.07.2025, 04:52 Uhr<\/p>\n<p class=\"id-Story-authors id-Story-authors--default\">Von: Richard Strobl<\/p>\n<p class=\"id-Story-interactionBar id-Story-interactionBar--default\">DruckenTeilen<\/p>\n<p class=\"id-StoryElement-leadText\">Das Ausw\u00e4rtige Amt warnt vor Reisen nach Russland. Selbst gel\u00f6schte Daten k\u00f6nnten gegen Reisende verwendet werden. Ein bitterer Einblick.<\/p>\n<p class=\"id-StoryElement-paragraph\">Berlin \u2013 Das Ausw\u00e4rtige Amt warnt eindringlich vor Reisen in die Russische F\u00f6deration unter der F\u00fchrung von <a href=\"https:\/\/www.fr.de\/politik\/wladimir-putin-per42970\/\" class=\"id-import-Link id-pageApi-Link--externalDomain\" title=\"Wladimir Putin\" data-id-ec=\"{&quot;sht&quot;:&quot;Container&quot;,&quot;shn&quot;:&quot;Story&quot;,&quot;p&quot;:{&quot;containerType&quot;:&quot;Paragraph&quot;,&quot;displayType&quot;:&quot;Paragraph InlineLink&quot;,&quot;type&quot;:&quot;INLINE_LINK&quot;,&quot;value&quot;:&quot;Wladimir Putin&quot;,&quot;variant&quot;:&quot;standardLink&quot;,&quot;sponsored&quot;:false,&quot;linkHref&quot;:&quot;https:\/\/www.fr.de\/politik\/wladimir-putin-per42970\/&quot;,&quot;storyElementPosition&quot;:8,&quot;storyElementCount&quot;:21}}\" rel=\"nofollow noopener\" target=\"_blank\">Wladimir Putin<\/a>. \u201eVon Reisen in die Russische F\u00f6deration wird dringend abgeraten\u201c, hei\u00dft es in den aktualisierten Sicherheitshinweisen. Besonders gef\u00e4hrlich seien Reisen in die an die Ukraine angrenzenden Regionen wie Belgorod oder Kursk. Doch auch im restlichen Russland k\u00f6nnten \u201ewillk\u00fcrliche Festnahmen\u201c drohen.<\/p>\n<p>Russland nutzt \u201ekonstruierte Vorw\u00e4nde\u201c \u2013 Ausw\u00e4rtiges Amt warnt vor Reisen<\/p>\n<p class=\"id-StoryElement-paragraph\">Die Presse- und Meinungsfreiheit sei nach Einsch\u00e4tzung des deutschen Au\u00dfenministeriums seit dem Beginn des <a href=\"https:\/\/www.fr.de\/politik\/ukraine-konflikt-sti1524391\/\" class=\"id-import-Link id-pageApi-Link--externalDomain\" title=\"Ukraine-Krieg\" data-id-ec=\"{&quot;sht&quot;:&quot;Container&quot;,&quot;shn&quot;:&quot;Story&quot;,&quot;p&quot;:{&quot;containerType&quot;:&quot;Paragraph&quot;,&quot;displayType&quot;:&quot;Paragraph InlineLink&quot;,&quot;type&quot;:&quot;INLINE_LINK&quot;,&quot;value&quot;:&quot;Ukraine-Kriegs&quot;,&quot;variant&quot;:&quot;standardLink&quot;,&quot;sponsored&quot;:false,&quot;linkHref&quot;:&quot;https:\/\/www.fr.de\/politik\/ukraine-konflikt-sti1524391\/&quot;,&quot;storyElementPosition&quot;:11,&quot;storyElementCount&quot;:21}}\" rel=\"nofollow noopener\" target=\"_blank\">Ukraine-Kriegs<\/a> \u201ein h\u00f6chstem Ma\u00dfe eingeschr\u00e4nkt\u201c. Es wird auf \u201eneue Zensurgesetze\u201c hingewiesen, die dazu f\u00fchren k\u00f6nnten, dass Verhaftungen und Verurteilungen \u201ejederzeit, auch aufgrund konstruierter Vorw\u00e4nde, erfolgen\u201c.<\/p>\n<p>\u00dcber Reisehinweise des Ausw\u00e4rtigen Amtes<\/p>\n<p class=\"id-StoryElement-factBox-paragraph\">Deutschlands Au\u00dfenministerium \u2013 offiziell Ausw\u00e4rtiges Amt \u2013 gibt Urlaubern laufend wichtige Hinweise f\u00fcr etliche Reisel\u00e4nder. Dies erfolgt meist \u00fcber sogenannte Reisehinweise. In manchen F\u00e4len wird auch eine Reisewarnung ausgesprochen. Dadurch gibt es die Empfehlung, eine Reise nicht zu unternehmen oder abzubrechen. Gr\u00fcnde k\u00f6nnen instabile politische, wirtschaftliche oder gesellschaftliche Verh\u00e4ltnisse oder Katastrophen sein. F\u00fcr Russland gilt aktuell eine \u201eTeilreisewarnung\u201c.<\/p>\n<p class=\"id-StoryElement-paragraph\">Selbst wer sich in Russland an alle Vorschriften h\u00e4lt, ist nicht vor Sanktionen sicher. Pers\u00f6nliche Daten wie Fotos, Videos oder Nachrichten k\u00f6nnten \u201eselbst nach L\u00f6schung auf dem Handy nachverfolgt, wiederhergestellt und ausgewertet werden\u201c. Diese Informationen k\u00f6nnten insbesondere bei regierungskritischen \u00c4u\u00dferungen gegen Reisende verwendet werden. Es habe bereits F\u00e4lle gegeben, in denen russische B\u00fcrgerinnen und B\u00fcrger f\u00fcr im Ausland verfasste Beitr\u00e4ge in sozialen Medien verurteilt wurden.<\/p>\n<p>Ausw\u00e4rtiges Amt gibt wichtige Tipps f\u00fcr Russland-Reisen<\/p>\n<p class=\"id-StoryElement-paragraph\">\u201eReisende, insbesondere deutsch-russische Doppelstaatler, sollten im eigenen Interesse gr\u00f6\u00dfte Zur\u00fcckhaltung bei der Interaktion mit politischen Inhalten in den sozialen Medien walten lassen\u201c, lautet das Fazit des Ausw\u00e4rtigen Amtes. Doppelstaatlerinnen und Doppelstaatler w\u00fcrden von <a href=\"https:\/\/www.merkur.de\/politik\/russland-staat-geschichte-politik-bevoelkerung-geografie-staedte-sprache-90176004.html\" class=\"id-import-Link id-pageApi-Link--externalDomain\" data-id-ec=\"{&quot;sht&quot;:&quot;Container&quot;,&quot;shn&quot;:&quot;Story&quot;,&quot;p&quot;:{&quot;containerType&quot;:&quot;Paragraph&quot;,&quot;displayType&quot;:&quot;Paragraph InlineLink&quot;,&quot;type&quot;:&quot;INLINE_LINK&quot;,&quot;value&quot;:&quot;Russland&quot;,&quot;variant&quot;:&quot;standardLink&quot;,&quot;sponsored&quot;:false,&quot;linkHref&quot;:&quot;https:\/\/www.merkur.de\/politik\/russland-staat-geschichte-politik-bevoelkerung-geografie-staedte-sprache-90176004.html&quot;,&quot;storyElementPosition&quot;:16,&quot;storyElementCount&quot;:21}}\" rel=\"nofollow noopener\" target=\"_blank\">Russland<\/a> ausschlie\u00dflich als russische Staatsb\u00fcrgerinnen und Staatsb\u00fcrger betrachtet. M\u00e4nnern k\u00f6nnte auch eine Einberufung in die russische Armee drohen.<\/p>\n<p><img decoding=\"async\" class=\"id-RatioPlaceholder-element wv_story_el_image\" src=\"https:\/\/www.europesays.com\/de\/wp-content\/uploads\/2025\/07\/38905233-touristen-stehen-im-jahr-2018-auf-dem-roten-platz-das-auswaertige-amt-warnt-aktuell-vor-rei.jpeg\" loading=\"lazy\"   height=\"619\" width=\"1100\" alt=\"Touristen stehen im Jahr 2018 auf dem Roten Platz. Das Ausw&#xE4;rtige Amt warnt aktuell vor Reisen nach Russland. (Archivbild)\"\/>Touristinnen und Touristen stehen im Jahr 2018 auf dem Roten Platz. Das Ausw\u00e4rtige Amt warnt aktuell vor Reisen nach Russland. (Archivbild) \u00a9\u00a0IMAGO\/imageBROKER\/Svetlana<\/p>\n<p class=\"id-StoryElement-paragraph\">Wer dennoch nach Russland reist, sollte bei politischen \u00c4u\u00dferungen \u00e4u\u00dferst vorsichtig sein. Demonstrationen und gr\u00f6\u00dfere Menschenansammlungen sollten gemieden werden, und den Anweisungen der lokalen Sicherheitskr\u00e4fte ist Folge zu leisten. Es wird empfohlen, stets g\u00fcltige Ausweispapiere mit sich zu f\u00fchren.<\/p>\n<p class=\"id-StoryElement-paragraph\">Auch in der <a href=\"https:\/\/www.wa.de\/verbraucher\/reise-tuerkei-auswaertiges-amt-raet-deutschen-willkuerliche-festnahmen-ausreisesperre-hinweis-93454085.html\" class=\"id-import-Link id-pageApi-Link--externalDomain\" data-id-ec=\"{&quot;sht&quot;:&quot;Container&quot;,&quot;shn&quot;:&quot;Story&quot;,&quot;p&quot;:{&quot;containerType&quot;:&quot;Paragraph&quot;,&quot;displayType&quot;:&quot;Paragraph InlineLink&quot;,&quot;type&quot;:&quot;INLINE_LINK&quot;,&quot;value&quot;:&quot;T&#xFC;rkei drohen laut Ausw&#xE4;rtigem Amt &#x201E;willk&#xFC;rliche Festnahmen&#x201C;&quot;,&quot;variant&quot;:&quot;standardLink&quot;,&quot;sponsored&quot;:false,&quot;linkHref&quot;:&quot;https:\/\/www.wa.de\/verbraucher\/reise-tuerkei-auswaertiges-amt-raet-deutschen-willkuerliche-festnahmen-ausreisesperre-hinweis-93454085.html&quot;,&quot;storyElementPosition&quot;:21,&quot;storyElementCount&quot;:21}}\" rel=\"nofollow noopener\" target=\"_blank\">T\u00fcrkei drohen laut Ausw\u00e4rtigem Amt \u201ewillk\u00fcrliche Festnahmen\u201c<\/a>. (rjs)<\/p>\n","protected":false},"excerpt":{"rendered":"Startseite Welt Stand: 11.07.2025, 04:52 Uhr Von: Richard Strobl DruckenTeilen Das Ausw\u00e4rtige Amt warnt vor Reisen nach Russland.&hellip;\n","protected":false},"author":2,"featured_media":258883,"comment_status":"","ping_status":"","sticky":false,"template":"","format":"standard","meta":{"footnotes":""},"categories":[4013],"tags":[331,332,13,14,15,4043,4044,850,307,12],"class_list":{"0":"post-258882","1":"post","2":"type-post","3":"status-publish","4":"format-standard","5":"has-post-thumbnail","7":"category-russland","8":"tag-aktuelle-nachrichten","9":"tag-aktuelle-news","10":"tag-headlines","11":"tag-nachrichten","12":"tag-news","13":"tag-russia","14":"tag-russian-federation","15":"tag-russische-foederation","16":"tag-russland","17":"tag-schlagzeilen"},"share_on_mastodon":{"url":"https:\/\/pubeurope.com\/@de\/114832484836320531","error":""},"_links":{"self":[{"href":"https:\/\/www.europesays.com\/de\/wp-json\/wp\/v2\/posts\/258882","targetHints":{"allow":["GET"]}}],"collection":[{"href":"https:\/\/www.europesays.com\/de\/wp-json\/wp\/v2\/posts"}],"about":[{"href":"https:\/\/www.europesays.com\/de\/wp-json\/wp\/v2\/types\/post"}],"author":[{"embeddable":true,"href":"https:\/\/www.europesays.com\/de\/wp-json\/wp\/v2\/users\/2"}],"replies":[{"embeddable":true,"href":"https:\/\/www.europesays.com\/de\/wp-json\/wp\/v2\/comments?post=258882"}],"version-history":[{"count":0,"href":"https:\/\/www.europesays.com\/de\/wp-json\/wp\/v2\/posts\/258882\/revisions"}],"wp:featuredmedia":[{"embeddable":true,"href":"https:\/\/www.europesays.com\/de\/wp-json\/wp\/v2\/media\/258883"}],"wp:attachment":[{"href":"https:\/\/www.europesays.com\/de\/wp-json\/wp\/v2\/media?parent=258882"}],"wp:term":[{"taxonomy":"category","embeddable":true,"href":"https:\/\/www.europesays.com\/de\/wp-json\/wp\/v2\/categories?post=258882"},{"taxonomy":"post_tag","embeddable":true,"href":"https:\/\/www.europesays.com\/de\/wp-json\/wp\/v2\/tags?post=258882"}],"curies":[{"name":"wp","href":"https:\/\/api.w.org\/{rel}","templated":true}]}}