{"id":259379,"date":"2025-07-11T08:02:16","date_gmt":"2025-07-11T08:02:16","guid":{"rendered":"https:\/\/www.europesays.com\/de\/259379\/"},"modified":"2025-07-11T08:02:16","modified_gmt":"2025-07-11T08:02:16","slug":"konsentival-festival-der-lust-wie-sexpositiv-partys-das-leben-eines-stuttgarters-veraenderten-stuttgart","status":"publish","type":"post","link":"https:\/\/www.europesays.com\/de\/259379\/","title":{"rendered":"Konsentival \u2013 Festival der Lust: Wie Sexpositiv-Partys das Leben eines Stuttgarters ver\u00e4nderten &#8211; Stuttgart"},"content":{"rendered":"<p>Sexpositive Partys boomen in Gro\u00dfst\u00e4dten. In Stuttgart tritt ein Kollektiv f\u00fcr Lust und Respekt ein. Ingo Fleckenstein, ein \u201eBeziehungsanarchist\u201c, erkl\u00e4rt die Motive.<\/p>\n<p> Mit Anfang 30 erlebte der Stuttgarter Ingenieur Ingo Fleckenstein einen Wendepunkt, der sein Leben komplett auf den Kopf stellte. Ein v\u00f6llig \u00fcberraschender Herzinfarkt riss ihn aus seinem Alltag \u2013 einem Alltag, der von Stress, einer monogamen Partnerschaft und festgefahrenen Mustern bestimmt war. \u201eMein Leben geriet aus dem Ruder\u201c, sagt er, \u201eich wusste, ich musste etwas anders machen, wenn ich nicht noch einmal so tief fallen wollte.\u201c<\/p>\n","protected":false},"excerpt":{"rendered":"Sexpositive Partys boomen in Gro\u00dfst\u00e4dten. In Stuttgart tritt ein Kollektiv f\u00fcr Lust und Respekt ein. Ingo Fleckenstein, ein&hellip;\n","protected":false},"author":2,"featured_media":259094,"comment_status":"","ping_status":"","sticky":false,"template":"","format":"standard","meta":{"footnotes":"","_share_on_mastodon":"0"},"categories":[1830],"tags":[4657,1634,3364,29,30,78894,78893,16440,1441],"class_list":["post-259379","post","type-post","status-publish","format-standard","has-post-thumbnail","category-stuttgart","tag-stadtreporter","tag-baden-wuerttemberg","tag-de","tag-deutschland","tag-germany","tag-proton","tag-sexpositiv","tag-sexualitaet","tag-stuttgart"],"share_on_mastodon":{"url":"https:\/\/pubeurope.com\/@de\/114833558483158865","error":""},"_links":{"self":[{"href":"https:\/\/www.europesays.com\/de\/wp-json\/wp\/v2\/posts\/259379","targetHints":{"allow":["GET"]}}],"collection":[{"href":"https:\/\/www.europesays.com\/de\/wp-json\/wp\/v2\/posts"}],"about":[{"href":"https:\/\/www.europesays.com\/de\/wp-json\/wp\/v2\/types\/post"}],"author":[{"embeddable":true,"href":"https:\/\/www.europesays.com\/de\/wp-json\/wp\/v2\/users\/2"}],"replies":[{"embeddable":true,"href":"https:\/\/www.europesays.com\/de\/wp-json\/wp\/v2\/comments?post=259379"}],"version-history":[{"count":0,"href":"https:\/\/www.europesays.com\/de\/wp-json\/wp\/v2\/posts\/259379\/revisions"}],"wp:featuredmedia":[{"embeddable":true,"href":"https:\/\/www.europesays.com\/de\/wp-json\/wp\/v2\/media\/259094"}],"wp:attachment":[{"href":"https:\/\/www.europesays.com\/de\/wp-json\/wp\/v2\/media?parent=259379"}],"wp:term":[{"taxonomy":"category","embeddable":true,"href":"https:\/\/www.europesays.com\/de\/wp-json\/wp\/v2\/categories?post=259379"},{"taxonomy":"post_tag","embeddable":true,"href":"https:\/\/www.europesays.com\/de\/wp-json\/wp\/v2\/tags?post=259379"}],"curies":[{"name":"wp","href":"https:\/\/api.w.org\/{rel}","templated":true}]}}