{"id":259481,"date":"2025-07-11T08:56:11","date_gmt":"2025-07-11T08:56:11","guid":{"rendered":"https:\/\/www.europesays.com\/de\/259481\/"},"modified":"2025-07-11T08:56:11","modified_gmt":"2025-07-11T08:56:11","slug":"rachida-dati-frankreichs-weiblicher-trump","status":"publish","type":"post","link":"https:\/\/www.europesays.com\/de\/259481\/","title":{"rendered":"Rachida Dati: Frankreichs weiblicher Trump"},"content":{"rendered":"<p>Die konservative Politikerin Rachida Dati hat etwas von einem franz\u00f6sischen Trump. Als ein Journalist sie zu Korruptionsvorw\u00fcrfen befragt, fordert sie den \u201eSkalp\u201c seiner Chefin. Die erste Ministerin mit arabischen Wurzeln will B\u00fcrgermeisterin von Paris werden \u2013 und noch viel h\u00f6her hinaus.<\/p>\n<p class=\"is-first-paragraph\" data-external=\"Article.FirstParagraph\">An diesem hei\u00dfen Sonntagnachmittag im s\u00fcdfranz\u00f6sischen Arles tr\u00e4gt <a class=\"is-link c-block-items__link c-link--rich-text-renderer\" href=\"https:\/\/www.welt.de\/themen\/rachida-dati\/\" data-internal-tracking-enabled=\"true\" data-internal-tracking=\"{&quot;action&quot;:&quot;click&quot;,&quot;label&quot;:&quot;link&quot;,&quot;name&quot;:&quot;Inline Element&quot;,&quot;data&quot;:{&quot;source&quot;:&quot;&quot;,&quot;target&quot;:&quot;https:\/\/www.welt.de\/themen\/rachida-dati\/&quot;,&quot;trackingName&quot;:&quot;&quot;,&quot;trackingLabel&quot;:&quot;&quot;}}\" rel=\"nofollow noopener\" target=\"_blank\">Rachida Dati <\/a>einen schwarzen Anzug und tut so, als w\u00e4re sie die Einzige, die nicht ins Schwitzen kommt. Sie spielt ihre Rolle perfekt. Noch am Vormittag war Frankreichs Kulturministerin in Aix-en-Provence f\u00fcr eine Hommage an Pierre Audi, den \u00fcberraschend verstorbenen Direktor des Opernfestivals der s\u00fcdfranz\u00f6sischen Stadt. <\/p>\n<p>Jetzt eilt sie im Schnellschritt durch eine Handvoll der \u00fcber vierzig Ausstellungen des diesj\u00e4hrigen Fotofestivals. Sie plaudert mit Frauen in Trachtenkleidern, sie gibt ein Interview im Kreuzgang des Klosters Saint-Trophime, sie k\u00fcndigt ein Museumsprojekt an. <\/p>\n<p>Bei solchen offiziellen Terminen zeigt sich Dati von ihrer freundlichen Seite. Sie hat auch eine andere, eine b\u00f6se, aggressive. Sie ist schlagfertig, aber auch angriffslustig. Wie ein Pitbull verbei\u00dft sie sich in ihre Gegner, andere vergleichen sie mit einem Bulldozer, der politische Widersacher einfach \u00fcberrollt.  <\/p>\n<p>Disruptiv, provokant, oft vulg\u00e4r<\/p>\n<p>Auch mit der Wahrheit sieht es Dati nicht so eng. Manche behaupten, sie sei intrigant und korrupt, ein weiblicher Donald Trump \u00e0 la fran\u00e7aise, dieselbe Chuzpe, immer disruptiv, provokant, oft vulg\u00e4r, die Politik als B\u00fchne der Selbstinszenierung und Mittel der Selbstbereicherung begreifend.<\/p>\n<p>Mit dieser Strategie hat es Dati unter Nicolas Sarkozy zur Justizministerin, dann zur Europaabgeordneten gebracht. Nebenbei wurde sie zur B\u00fcrgermeisterin des 7. Arrondissements von Paris, dem Bezirk mit den besten und teuersten Adressen der Hauptstadt. Eine wahre Bilderbuchkarriere, f\u00fcr die sie regelm\u00e4\u00dfig den Trumpf des Migrantenkinds mit arabischen Wurzeln ausgespielt hat.<\/p>\n<p>Dati wurde 1965 als zweites von elf Kindern geboren. Die Eltern beide Analphabeten. Der Vater war aus Marokko eingewandert, die Mutter aus Algerien. Er Maurer, sie Hausfrau. Doch Rachida besuchte eine katholische Schule, studierte Jura und finanzierte sich das Studium durch Nebenjobs. <\/p>\n<p>Bei einem Besuch in der Banlieue erkannte der damalige Innenminister Sarkozy ihr Talent und machte sie erst zur Beraterin, dann zur ersten Ministerin mit arabischen Wurzeln. Dati wurde zum Symbol des neuen Frankreich, das <a class=\"is-link c-block-items__link c-link--rich-text-renderer\" href=\"https:\/\/www.welt.de\/sport\/fussball\/wm-2018\/plus179302862\/Frankreichs-Weltmeister-Thuram-Le-Pens-Satz-hat-uns-alle-erst-recht-laufen-lassen.html\" data-internal-tracking-enabled=\"true\" data-internal-tracking=\"{&quot;action&quot;:&quot;click&quot;,&quot;label&quot;:&quot;link&quot;,&quot;name&quot;:&quot;Inline Element&quot;,&quot;data&quot;:{&quot;source&quot;:&quot;&quot;,&quot;target&quot;:&quot;https:\/\/www.welt.de\/sport\/fussball\/wm-2018\/plus179302862\/Frankreichs-Weltmeister-Thuram-Le-Pens-Satz-hat-uns-alle-erst-recht-laufen-lassen.html&quot;,&quot;trackingName&quot;:&quot;&quot;,&quot;trackingLabel&quot;:&quot;&quot;}}\" rel=\"nofollow noopener\" target=\"_blank\">als bunte Mannschaft, black, blanc, beur, 1998 die Fu\u00dfballweltmeisterschaft gewonnen hatte<\/a>. Eine Republik, in der Herkunft oder Hautfarbe nicht z\u00e4hlten, sondern einzig die Verdienste \u2013 ein sch\u00f6ner Traum.<\/p>\n<p>Aber Dati will hoch hinaus, sie ist noch nicht an ihrem Ziel angelangt. Nach zehn Jahren rot-gr\u00fcner Regierung will die konservative Politikerin die Sozialistin Anne Hidalgo bei den Kommunalwahlen im n\u00e4chsten Jahr beerben und ihre <a class=\"is-link c-block-items__link c-link--rich-text-renderer\" href=\"https:\/\/www.welt.de\/politik\/ausland\/article255771148\/Buergerbefragung-Pariser-wollen-Hunderte-Strassen-fuer-Autos-dicht-machen.html\" data-internal-tracking-enabled=\"true\" data-internal-tracking=\"{&quot;action&quot;:&quot;click&quot;,&quot;label&quot;:&quot;link&quot;,&quot;name&quot;:&quot;Inline Element&quot;,&quot;data&quot;:{&quot;source&quot;:&quot;&quot;,&quot;target&quot;:&quot;https:\/\/www.welt.de\/politik\/ausland\/article255771148\/Buergerbefragung-Pariser-wollen-Hunderte-Strassen-fuer-Autos-dicht-machen.html&quot;,&quot;trackingName&quot;:&quot;&quot;,&quot;trackingLabel&quot;:&quot;&quot;}}\" rel=\"nofollow noopener\" target=\"_blank\">Anti-Autopolitik <\/a>r\u00fcckg\u00e4ngig machen. Das Rathaus hat sich aber auch als Sprungbrett in den \u00c9lys\u00e9e-Palast erwiesen, von dem Hidalgo ebenfalls kurz getr\u00e4umt hat, bis sie 2022 mit mickrigen 1,7 Prozent schon in der Vorwahl ausschied.<\/p>\n<p>Im Gegensatz zu vielen ihrer Kollegen blieb Dati ihrer Partei, Les R\u00e9publicains (LR), bis vor Kurzem treu. F\u00fcr \u00dcberl\u00e4ufer, die zu <a class=\"is-link c-block-items__link c-link--rich-text-renderer\" href=\"https:\/\/www.welt.de\/themen\/emmanuel-macron\/\" data-internal-tracking-enabled=\"true\" data-internal-tracking=\"{&quot;action&quot;:&quot;click&quot;,&quot;label&quot;:&quot;link&quot;,&quot;name&quot;:&quot;Inline Element&quot;,&quot;data&quot;:{&quot;source&quot;:&quot;&quot;,&quot;target&quot;:&quot;https:\/\/www.welt.de\/themen\/emmanuel-macron\/&quot;,&quot;trackingName&quot;:&quot;&quot;,&quot;trackingLabel&quot;:&quot;&quot;}}\" rel=\"nofollow noopener\" target=\"_blank\">Emmanuel Macron<\/a> wechselten, hatte sie kein Verst\u00e4ndnis. Seine Partei bezeichnete sie als \u201eVerr\u00e4ter der Linken und Verr\u00e4ter der Rechten\u201c. Als Macron sie aber im Januar 2024 in die Regierung holen wollte, machte sie kurz entschlossen einen Deal mit ihm: Sie erhielt einen Ministerposten, im Gegenzug verpflichtete sich Macron, f\u00fcr das Rathaus von Paris keinen Gegenkandidaten aus der konservativen Mitte aufzustellen. <\/p>\n<p>Obwohl sie aus ihrer alten Partei ausgeschlossen wurde, beteuerte sie, den Konservativen die Treue zu halten. \u201eIch bin sicher, dass wir Paris gewinnen k\u00f6nnen\u201c, sagte sie in einem Video-Call mit den Pariser Bezirksb\u00fcrgermeistern von LR, die die Welt nicht mehr verstanden. Manche waren so ver\u00e4rgert, dass sie die Aufzeichnung Journalisten zusteckten.<\/p>\n<p>Macron hat Dati geholt, weil ihm das Personal ausgegangen ist und er sich mit der Bling-Bling-Ministerin, die sich in Umfragen immer \u00fcberraschend gro\u00dfer Beliebtheit erfreut, schm\u00fccken kann. Allerdings darf man diesen Schachzug auch als Offenbarungseid des Macronismus lesen. Dieser hatte zu Beginn seiner ersten Amtszeit die \u201e<a class=\"is-link c-block-items__link c-link--rich-text-renderer\" href=\"https:\/\/www.welt.de\/themen\/frankreich-politik\/\" data-internal-tracking-enabled=\"true\" data-internal-tracking=\"{&quot;action&quot;:&quot;click&quot;,&quot;label&quot;:&quot;link&quot;,&quot;name&quot;:&quot;Inline Element&quot;,&quot;data&quot;:{&quot;source&quot;:&quot;&quot;,&quot;target&quot;:&quot;https:\/\/www.welt.de\/themen\/frankreich-politik\/&quot;,&quot;trackingName&quot;:&quot;&quot;,&quot;trackingLabel&quot;:&quot;&quot;}}\" rel=\"nofollow noopener\" target=\"_blank\">makellose Republik<\/a>\u201c versprochen. Nach etlichen Skandalen scheint es aber auf einen weiteren auch nicht mehr anzukommen.<\/p>\n<p>Denn im Herbst droht Macrons Kulturministerin ein erster Strafprozess wegen Veruntreuung, Einflussnahme und Korruption. Es geht um j\u00e4hrlich 300.000 Euro, die Dati neben ihrer Entlohnung als Europaabgeordnete von der niederl\u00e4ndischen Niederlassung von Renault erhielt, ohne dass sie bislang nachweisen konnte, was sie daf\u00fcr getan hat. <\/p>\n<p>Insgesamt geht es um fast eine Million Euro \u2013 wom\u00f6glich \u201eeiner der gr\u00f6\u00dften Skandale im EU-Parlament\u201c, so die Formulierung ihres ehemaligen Abgeordneten-Kollegen Daniel Freund, der die Korruption bek\u00e4mpft. Wie Marine Le Pen k\u00f6nnte auch Dati ihr Recht verlieren, bei Wahlen anzutreten.<\/p>\n<p>Es geht auch um Schmuck im Wert von knapp einer halben Million Euro, den sie bei ihrem Amtsantritt als Ministerin nicht angegeben hat. Gegen\u00fcber der Transparenzbeh\u00f6rde hat sie lediglich ihr Verm\u00f6gen im Wert von 5,6 Millionen Euro angegeben, das in Immobilien und Finanzprodukten angelegt ist. <\/p>\n<p>Heraus kam die Schmuckaff\u00e4re nur anl\u00e4sslich des Rosenkriegs mit ihrem ehemaligen Lebensgef\u00e4hrten Henri Proglio\u201a Ex-Manager der Konzerne EDF und Veolia. Nachdem die Polizei den Banksafe seines Chauffeurs durchsucht hatte, steckte Proglio den Medien eine Liste der Schmuckst\u00fccke zu, die er Dati in den sieben Jahren ihrer Beziehung geschenkt hatte, darunter ein Cartier-Ring im Wert von 68.500 Euro.<\/p>\n<p>Dati scheut die Presse nicht<\/p>\n<p>Als Dati k\u00fcrzlich in einer Talkshow zu den Korruptionsvorw\u00fcrfen befragt wurde, ging sie wie gewohnt in die Offensive und griff den Journalisten pers\u00f6nlich an, der sie interviewte. \u201eIch k\u00f6nnte die Staatsanwaltschaft einschalten\u201c, drohte sie. Im Nachklang der Sendung forderte Dati den \u201eSkalp\u201c der Intendantin, wie sie sich nach Informationen der investigativen Wochenzeitung \u201eLe canard encha\u00een\u00e9\u201c ausdr\u00fcckte. Dazu ist sie nicht einmal als Ministerin befugt. Aber so betreibt Dati Politik: kompromisslos und ihre Kompetenzen \u00fcberschreitend.<\/p>\n<p>Auch in dieser Hinsicht \u00e4hnelt sie Trump: Die Medien hofieren sie, aber sie hasst die Medien. Als Kulturministerin ist sie allerdings auch f\u00fcr diese zust\u00e4ndig. Doch als sie am Montag vergangener Woche eine umstrittene Reform des \u00f6ffentlichen Fernsehens und Rundfunks durch die Nationalversammlung bringen wollte, lehnte die Opposition den Gesetzesentwurf im Schnellverfahren ab. <\/p>\n<p>Jetzt setzt sie alles daran, dass die Reform noch vor der Sommerpause durch den Senat geht. Dati, das Einwandererkind, hat das Talent, selbst Niederlagen wie Siege aussehen zu lassen. \u201eEs gibt keine Alternative zu dieser Reform\u201c, sagte sie, was einer Kriegserkl\u00e4rung an die \u00f6ffentlichen Sender gleichkommt, die in j\u00fcngster Zeit immer wieder gestreikt haben. Zwischen den Zeilen darf man lesen: \u201eIch werde diesen Krieg gewinnen.\u201c Und daf\u00fcr ist ihr jedes Mittel recht.<\/p>\n<p><a class=\"is-link c-block-items__link c-link--rich-text-renderer\" href=\"https:\/\/www.welt.de\/autor\/martina-meister\/\" data-internal-tracking-enabled=\"true\" data-internal-tracking=\"{&quot;action&quot;:&quot;click&quot;,&quot;label&quot;:&quot;link&quot;,&quot;name&quot;:&quot;Inline Element&quot;,&quot;data&quot;:{&quot;source&quot;:&quot;&quot;,&quot;target&quot;:&quot;https:\/\/www.welt.de\/autor\/martina-meister\/&quot;,&quot;trackingName&quot;:&quot;&quot;,&quot;trackingLabel&quot;:&quot;&quot;}}\" rel=\"nofollow noopener\" target=\"_blank\"><b>Martina Meister<\/b><\/a><b> berichtet im Auftrag von WELT seit 2015 als freie Korrespondentin in Paris \u00fcber die franz\u00f6sische Politik.<\/b><\/p>\n","protected":false},"excerpt":{"rendered":"Die konservative Politikerin Rachida Dati hat etwas von einem franz\u00f6sischen Trump. Als ein Journalist sie zu Korruptionsvorw\u00fcrfen befragt,&hellip;\n","protected":false},"author":2,"featured_media":259482,"comment_status":"","ping_status":"","sticky":false,"template":"","format":"standard","meta":{"footnotes":"","_share_on_mastodon":"0"},"categories":[3974],"tags":[331,332,15323,78973,114,7302,548,663,3934,3980,156,13,78972,7301,14,15,65404,319,78974,5558,12,113],"class_list":["post-259481","post","type-post","status-publish","format-standard","has-post-thumbnail","category-frankreich","tag-aktuelle-nachrichten","tag-aktuelle-news","tag-balken-inbox","tag-dati","tag-donald-geb-1946","tag-emmanuel","tag-eu","tag-europa","tag-europe","tag-france","tag-frankreich","tag-headlines","tag-korruptionsdelikte-ks","tag-macron","tag-nachrichten","tag-news","tag-nicolas","tag-paris","tag-rachida","tag-sarkozy","tag-schlagzeilen","tag-trump"],"share_on_mastodon":{"url":"https:\/\/pubeurope.com\/@de\/114833770646779221","error":""},"_links":{"self":[{"href":"https:\/\/www.europesays.com\/de\/wp-json\/wp\/v2\/posts\/259481","targetHints":{"allow":["GET"]}}],"collection":[{"href":"https:\/\/www.europesays.com\/de\/wp-json\/wp\/v2\/posts"}],"about":[{"href":"https:\/\/www.europesays.com\/de\/wp-json\/wp\/v2\/types\/post"}],"author":[{"embeddable":true,"href":"https:\/\/www.europesays.com\/de\/wp-json\/wp\/v2\/users\/2"}],"replies":[{"embeddable":true,"href":"https:\/\/www.europesays.com\/de\/wp-json\/wp\/v2\/comments?post=259481"}],"version-history":[{"count":0,"href":"https:\/\/www.europesays.com\/de\/wp-json\/wp\/v2\/posts\/259481\/revisions"}],"wp:featuredmedia":[{"embeddable":true,"href":"https:\/\/www.europesays.com\/de\/wp-json\/wp\/v2\/media\/259482"}],"wp:attachment":[{"href":"https:\/\/www.europesays.com\/de\/wp-json\/wp\/v2\/media?parent=259481"}],"wp:term":[{"taxonomy":"category","embeddable":true,"href":"https:\/\/www.europesays.com\/de\/wp-json\/wp\/v2\/categories?post=259481"},{"taxonomy":"post_tag","embeddable":true,"href":"https:\/\/www.europesays.com\/de\/wp-json\/wp\/v2\/tags?post=259481"}],"curies":[{"name":"wp","href":"https:\/\/api.w.org\/{rel}","templated":true}]}}