{"id":259981,"date":"2025-07-11T13:33:10","date_gmt":"2025-07-11T13:33:10","guid":{"rendered":"https:\/\/www.europesays.com\/de\/259981\/"},"modified":"2025-07-11T13:33:10","modified_gmt":"2025-07-11T13:33:10","slug":"neuried-spd-nominiert-harald-zipfel-zur-buergermeisterwahl-landkreis-muenchen","status":"publish","type":"post","link":"https:\/\/www.europesays.com\/de\/259981\/","title":{"rendered":"Neuried: SPD nominiert Harald Zipfel zur B\u00fcrgermeisterwahl &#8211; Landkreis M\u00fcnchen"},"content":{"rendered":"<p data-manual=\"paragraph\" data-schema-org-speakable=\"true\" class=\"css-1ylqqlw\">Neurieds <a href=\"https:\/\/www.sueddeutsche.de\/thema\/SPD\" target=\"_blank\" rel=\"noopener\">SPD<\/a>-B\u00fcrgermeister Harald Zipfel kandidiert f\u00fcr eine dritte Amtszeit. Am Donnerstag wurde er bei der Aufstellungsversammlung des Ortsvereins einstimmig \u2013 mit einer Enthaltung &#8211; gew\u00e4hlt. Offen ist, ob sich die Gr\u00fcnen in <a href=\"https:\/\/www.sueddeutsche.de\/thema\/Neuried\" target=\"_blank\" rel=\"noopener\">Neuried<\/a> diesmal wieder hinter den SPD-Kandidaten stellen. Bei der letzten Kommunalwahl hatten sie darauf verzichtet, einen eigenen Kandidaten zu nominieren. Zipfel gewann damals 59,7 Prozent der W\u00e4hlerstimmen.<\/p>\n<p><a href=\"https:\/\/www.sueddeutsche.de\/muenchen\/gute-nachrichten-muenchen-whatsapp-kanal-sueddeutsche-zeitung-li.3282233\" aria-label=\"Artikelverlinkung:\" data-track-szde=\"{&quot;event&quot;:&quot;teaser_clicked&quot;,&quot;teaser_clicked&quot;:{&quot;article_title&quot;:&quot;gute_nachrichten_aus_muenchen_jetzt_auf_whatsapp_abonnieren&quot;,&quot;doctype&quot;:&quot;&quot;,&quot;label&quot;:&quot;&quot;,&quot;main_topic&quot;:&quot;muenchen&quot;,&quot;object_id&quot;:&quot;li.3282233&quot;,&quot;pcat&quot;:&quot;free&quot;,&quot;section&quot;:&quot;muenchen&quot;,&quot;teaser_type&quot;:&quot;article_teaser_top&quot;}}\" data-manual=\"teaser-url\" data-tb-link=\"\" aria-labelledby=\"teaser-httpswwwsueddeutschedemuenchengute-nachrichten-muenchen-whatsapp-kanal-sueddeutsche-zeitung-li3282233\" class=\"css-14tg8sh\" target=\"_blank\" rel=\"noopener\"><img decoding=\"async\" src=\"https:\/\/www.europesays.com\/de\/wp-content\/uploads\/2025\/07\/1752240790_824_97c098fc-5b07-45f5-80e8-251184ccdd3f.jpeg\"   alt=\"\" loading=\"lazy\" class=\"css-8atqhb\"\/><\/p>\n<p>SZ Good News<\/p>\n<p>:Gute Nachrichten aus M\u00fcnchen \u2013 jetzt auf Whatsapp abonnieren<\/p>\n<p class=\"css-a6ecqs\" data-manual=\"teaser-text\" data-tb-description=\"\" data-schema-org-speakable=\"true\">Mehr positive Neuigkeiten im Alltag: Die S\u00fcddeutsche Zeitung verbreitet jeden Tag auf Whatsapp ausschlie\u00dflich sch\u00f6ne und heitere Nachrichten aus M\u00fcnchen und der Region. So k\u00f6nnen Sie ihn abonnieren.<\/p>\n<p data-manual=\"paragraph\" data-schema-org-speakable=\"true\" class=\"css-1ylqqlw\">Die angespannte Finanzsituation der Gemeinde Neuried begleitet Zipfel, 64 Jahre alt, seit seiner ersten Wahl zum B\u00fcrgermeister 2014. In diesem Jahr versch\u00e4rfte sie sich gar zu einer Haushaltskrise. Auch in einer dritten Amtszeit d\u00fcrfte der finanzielle Gestaltungsspielraum der Gemeinde eng bleiben. Dennoch hat sich der amtierende B\u00fcrgermeister viel vorgenommen: In der Ortsmitte soll neues Wohnen und Gewerbe zu deren Belebung beitragen, das Gewerbegebiet soll weiterentwickelt und ein Altenheim realisiert werden. Nachhaltige Energieformen sind ein Steckenpferd von Zipfel, der schon vor seiner zum B\u00fcrgermeister als selbst\u00e4ndiger Umweltingenieur B\u00fcrgersolaranlagen umgesetzt hat. In einer dritten Amtszeit will er den Ausbau von Nah- und Fernw\u00e4rme voranbringen.<\/p>\n","protected":false},"excerpt":{"rendered":"Neurieds SPD-B\u00fcrgermeister Harald Zipfel kandidiert f\u00fcr eine dritte Amtszeit. Am Donnerstag wurde er bei der Aufstellungsversammlung des Ortsvereins&hellip;\n","protected":false},"author":2,"featured_media":259982,"comment_status":"","ping_status":"","sticky":false,"template":"","format":"standard","meta":{"footnotes":""},"categories":[1827],"tags":[772,29,30,79063,2527,1268,24348,2339,184,149],"class_list":{"0":"post-259981","1":"post","2":"type-post","3":"status-publish","4":"format-standard","5":"has-post-thumbnail","7":"category-muenchen","8":"tag-bayern","9":"tag-deutschland","10":"tag-germany","11":"tag-kommunalwahlen-im-landkreis-muenchen","12":"tag-landkreis-muenchen","13":"tag-muenchen","14":"tag-neuried","15":"tag-oberbayern","16":"tag-spd","17":"tag-sueddeutsche-zeitung"},"share_on_mastodon":{"url":"https:\/\/pubeurope.com\/@de\/114834859919598428","error":""},"_links":{"self":[{"href":"https:\/\/www.europesays.com\/de\/wp-json\/wp\/v2\/posts\/259981","targetHints":{"allow":["GET"]}}],"collection":[{"href":"https:\/\/www.europesays.com\/de\/wp-json\/wp\/v2\/posts"}],"about":[{"href":"https:\/\/www.europesays.com\/de\/wp-json\/wp\/v2\/types\/post"}],"author":[{"embeddable":true,"href":"https:\/\/www.europesays.com\/de\/wp-json\/wp\/v2\/users\/2"}],"replies":[{"embeddable":true,"href":"https:\/\/www.europesays.com\/de\/wp-json\/wp\/v2\/comments?post=259981"}],"version-history":[{"count":0,"href":"https:\/\/www.europesays.com\/de\/wp-json\/wp\/v2\/posts\/259981\/revisions"}],"wp:featuredmedia":[{"embeddable":true,"href":"https:\/\/www.europesays.com\/de\/wp-json\/wp\/v2\/media\/259982"}],"wp:attachment":[{"href":"https:\/\/www.europesays.com\/de\/wp-json\/wp\/v2\/media?parent=259981"}],"wp:term":[{"taxonomy":"category","embeddable":true,"href":"https:\/\/www.europesays.com\/de\/wp-json\/wp\/v2\/categories?post=259981"},{"taxonomy":"post_tag","embeddable":true,"href":"https:\/\/www.europesays.com\/de\/wp-json\/wp\/v2\/tags?post=259981"}],"curies":[{"name":"wp","href":"https:\/\/api.w.org\/{rel}","templated":true}]}}