{"id":259994,"date":"2025-07-11T13:40:11","date_gmt":"2025-07-11T13:40:11","guid":{"rendered":"https:\/\/www.europesays.com\/de\/259994\/"},"modified":"2025-07-11T13:40:11","modified_gmt":"2025-07-11T13:40:11","slug":"berlin-bewusstlose-schuelerin-vergewaltigt-38-jaehriger-in-berlin-zu-fuenf-jahren-haft-verurteilt","status":"publish","type":"post","link":"https:\/\/www.europesays.com\/de\/259994\/","title":{"rendered":"Berlin: Bewusstlose Sch\u00fclerin vergewaltigt: 38-J\u00e4hriger in Berlin zu f\u00fcnf Jahren Haft verurteilt"},"content":{"rendered":"<p class=\"metatextline\">Stand: 11.07.2025 15:17 Uhr<\/p>\n<p class=\"textabsatz columns twelve  m-ten  m-offset-one l-eight l-offset-two\">\n        <strong>Eine Berliner Abiturientin macht sich nach einem Treffen mit Freunden allein auf den Heimweg. Sie ist stark alkoholisiert. Das soll ein Mann ausgenutzt haben &#8211; er muss nun mehr als f\u00fcnf Jahre in Haft.<\/strong>\n    <\/p>\n<p class=\"textabsatz m-ten m-offset-one l-eight l-offset-two columns twelve\">\nEin 38 Jahre alter Mann ist am Freitag wegen der Vergewaltigung einer bewusstlosen Abiturientin zu f\u00fcnfeinhalb Jahren Freiheitsstrafe verurteilt worden.<br \/>\u00a0<br \/>Der Mann habe die damals 20-J\u00e4hrige zum Konsum von verschiedenen Drogen animiert und dann ihren desolaten Zustand ausgenutzt, um einseitig sexuelle Handlungen vorzunehmen, stand f\u00fcr das Berliner Landgericht fest. Den K\u00f6rper der Bewusstlosen habe er mit frauenverachtenden Worten beschriftet &#8211; &#8222;das Tatbild ist verst\u00f6rend&#8220;, sagte der Vorsitzende Richter Johannes Schwake am Freitag.<\/p>\n<p>            <img loading=\"lazy\" decoding=\"async\" class=\"ts-image\" src=\"https:\/\/www.europesays.com\/de\/wp-content\/uploads\/2025\/07\/rbb-audio-rbb-888-25-05-2025-ulf-morling-100.jpg\" alt=\"Archivbild: Kriminalgericht Berlin, Landgericht, Berlin Moabit. (Quelle: dpa\/Robbin)\" title=\"Video: rbb24 Abendschau | 25.03.2025 | Norbert Siegmund | dpa\/Robbin\"\/><\/p>\n<p>Junge Frau von der Stra\u00dfe entf\u00fchrt, misshandelt und vergewaltigt?<\/p>\n<p>            Ein Mann soll in Berlin eine 20-J\u00e4hrige in seiner Wohnung unter Drogen gesetzt, sie stundenlang schwer misshandelt und vergewaltigt haben. Die junge Frau selbst kann sich nicht erinnern. Nun hat der Prozess gegen den 38-J\u00e4hrigen begonnen. Von Ulf Morling<a href=\"https:\/\/www.rbb24.de\/panorama\/beitrag\/2025\/03\/berlin-prozessauftakt-misshandlung-junge-frau-.html\" title=\"mehr\" class=\"textlink--extern\" target=\"_blank\" rel=\"noopener nofollow\">mehr<\/a><\/p>\n<p class=\"textabsatz m-ten m-offset-one l-eight l-offset-two columns twelve\">\nDie Ermittlungen in dem Fall waren erst mehrere Wochen nach der Tat auf Betreiben der Familie der jungen Frau aufgenommen worden. Polizisten h\u00e4tten zun\u00e4chst keinen Anfangsverdacht f\u00fcr eine Straftat gesehen und seien den Angaben des Angeklagten gefolgt, der von einem &#8222;Drogen-Unfall&#8220; gesprochen habe, hie\u00df es im Prozess.<\/p>\n<p>    Richter: Angeklagter nahm lebensbedrohliche Folgen in Kauf<\/p>\n<p class=\"textabsatz m-ten m-offset-one l-eight l-offset-two columns twelve\">\nDie Abiturientin lag schlie\u00dflich leblos in der Wohnung des Angeklagten in Berlin-Steglitz. Gerufene Rettungskr\u00e4fte stellten einen Herzstillstand fest. Zw\u00f6lf Minuten lang sei die junge Frau reanimiert worden, so der Richter. Im Krankenhaus h\u00e4tten \u00c4rzte dann wegen ihres lebensbedrohlichen Zustands entschieden, sie zun\u00e4chst in ein k\u00fcnstliches Koma zu versetzen.<br \/>\u00a0<br \/>Der 38-J\u00e4hrige habe den Konsum von Bet\u00e4ubungsmitteln initiiert und gewusst, dass es zur Bewusstlosigkeit kommen kann, hie\u00df es jetzt vom Gericht. Er habe sich deshalb auch der fahrl\u00e4ssigen K\u00f6rperverletzung schuldig gemacht. Die angetrunkene Frau habe die Tragweite und Risiken nicht mehr einsch\u00e4tzen k\u00f6nnen.<br \/>\u00a0<br \/>Die k\u00f6rperlichen und psychischen Folgen f\u00fcr die junge Frau seien gravierend, hie\u00df es weiter im Urteil. Bis heute leide die inzwischen 23-J\u00e4hrige unter \u00c4ngsten &#8211; sie habe keine Erinnerung an das Geschehen in der Wohnung des Angeklagten. Sie habe Schwierigkeiten, Vertrauen aufzubauen und k\u00f6rperliche N\u00e4he zuzulassen.<\/p>\n<p class=\"textabsatz m-ten m-offset-one l-eight l-offset-two columns twelve\">\nSendung: rbb24 Abendschau, 11.07.2025, 19:30 Uhr<\/p>\n<p>                                        <a class=\"backlink__link\" href=\"https:\/\/www.rbb24.de\/panorama\/beitrag\/2025\/07\/berlin-urteil-prozess-vergewaltigung-haftstrafe-abiturientin-landgericht.html\" rel=\"nofollow noopener\" target=\"_blank\"><\/p>\n<p>                                                <img decoding=\"async\" src=\"https:\/\/images.tagesschau.de\/image\/898f19c3-6760-4be2-a33f-1fa765216ec2\/AAABlap_olM\/AAABkZLrr6A\/original\/lra-rbb-logo-100.svg\" alt=\"Rundfunk Berlin-Brandenburg\"\/><\/p>\n<p>                                        <\/a><\/p>\n","protected":false},"excerpt":{"rendered":"Stand: 11.07.2025 15:17 Uhr Eine Berliner Abiturientin macht sich nach einem Treffen mit Freunden allein auf den Heimweg.&hellip;\n","protected":false},"author":2,"featured_media":259995,"comment_status":"","ping_status":"","sticky":false,"template":"","format":"standard","meta":{"footnotes":""},"categories":[1825],"tags":[296,29,30,2239],"class_list":{"0":"post-259994","1":"post","2":"type-post","3":"status-publish","4":"format-standard","5":"has-post-thumbnail","7":"category-berlin","8":"tag-berlin","9":"tag-deutschland","10":"tag-germany","11":"tag-rbb"},"share_on_mastodon":{"url":"https:\/\/pubeurope.com\/@de\/114834887442806110","error":""},"_links":{"self":[{"href":"https:\/\/www.europesays.com\/de\/wp-json\/wp\/v2\/posts\/259994","targetHints":{"allow":["GET"]}}],"collection":[{"href":"https:\/\/www.europesays.com\/de\/wp-json\/wp\/v2\/posts"}],"about":[{"href":"https:\/\/www.europesays.com\/de\/wp-json\/wp\/v2\/types\/post"}],"author":[{"embeddable":true,"href":"https:\/\/www.europesays.com\/de\/wp-json\/wp\/v2\/users\/2"}],"replies":[{"embeddable":true,"href":"https:\/\/www.europesays.com\/de\/wp-json\/wp\/v2\/comments?post=259994"}],"version-history":[{"count":0,"href":"https:\/\/www.europesays.com\/de\/wp-json\/wp\/v2\/posts\/259994\/revisions"}],"wp:featuredmedia":[{"embeddable":true,"href":"https:\/\/www.europesays.com\/de\/wp-json\/wp\/v2\/media\/259995"}],"wp:attachment":[{"href":"https:\/\/www.europesays.com\/de\/wp-json\/wp\/v2\/media?parent=259994"}],"wp:term":[{"taxonomy":"category","embeddable":true,"href":"https:\/\/www.europesays.com\/de\/wp-json\/wp\/v2\/categories?post=259994"},{"taxonomy":"post_tag","embeddable":true,"href":"https:\/\/www.europesays.com\/de\/wp-json\/wp\/v2\/tags?post=259994"}],"curies":[{"name":"wp","href":"https:\/\/api.w.org\/{rel}","templated":true}]}}