{"id":260006,"date":"2025-07-11T13:46:15","date_gmt":"2025-07-11T13:46:15","guid":{"rendered":"https:\/\/www.europesays.com\/de\/260006\/"},"modified":"2025-07-11T13:46:15","modified_gmt":"2025-07-11T13:46:15","slug":"k-pop-star-taeil-wegen-vergewaltigung-im-knast","status":"publish","type":"post","link":"https:\/\/www.europesays.com\/de\/260006\/","title":{"rendered":"K-Pop-Star Taeil wegen Vergewaltigung im Knast!"},"content":{"rendered":"<p>Dreieinhalb Jahre Haft!Von den B\u00fchnen der Welt in den Knast! K-Pop-Star nach Vergewaltigung im Gef\u00e4ngnis<img alt=\"Taeil\" loading=\"lazy\" width=\"940\" height=\"529\" decoding=\"async\" data-nimg=\"1\" class=\"Image_image__SdgLQ Picture_image__vGN9W\" style=\"color:transparent\"   src=\"https:\/\/www.europesays.com\/de\/wp-content\/uploads\/2025\/07\/taeil.webp.webp\"\/><\/p>\n<p>Taeil, Mitglied der s\u00fcdkoreanischen K-Pop-Band NCT (Archivbild)<\/p>\n<p>Gety Images\/The Chosunilbo JNS<\/p>\n<p>11. Juli 2025 um 13:20 Uhr<\/p>\n<p class=\"Typography_text-default__wldUd Typography_align-left__koBUM AnnotatedMarkup_paragraph__IUT9l\"><strong>Schock in der K-Pop-Welt!<\/strong><br \/>Taeil, einst gefeierter Star der s\u00fcdkoreanischen Gruppe NCT, wurde wegen der Vergewaltigung einer chinesischen Touristin zu einer Gef\u00e4ngnisstrafe verurteilt. Der Glanz des Ruhms verblasst.<\/p>\n<p>Taeil: Mildere Strafe nach Gest\u00e4ndnis<\/p>\n<p class=\"Typography_text-default__wldUd Typography_align-left__koBUM AnnotatedMarkup_paragraph__IUT9l\">Im Juni 2024 waren die Vorw\u00fcrfe gegen Taeil (31) und zwei Komplizen bekannt geworden, nach denen sie eine betrunkene chinesische Touristin in der s\u00fcdkoreanischen Hauptstadt Seoul zun\u00e4chst aus einer Bar in ein Taxi geschafft und sp\u00e4ter in einem Privathaus gemeinschaftlich vergewaltigt haben sollen. <strong>Moon Tae-il, so der b\u00fcrgerliche Name des S\u00e4ngers, und die beiden anderen Angeklagten, gaben die Vorw\u00fcrfe schlie\u00dflich im Juni 2025 zu.<\/strong> Wie die BBC berichtet, verurteilte der zust\u00e4ndige Bezirksrichter die drei M\u00e4nner zu jeweils dreieinhalb Jahren Haft und 40 Stunden Therapie f\u00fcr T\u00e4ter sexueller Gewalt. Er blieb damit unter den von der Staatsanwaltschaft geforderten sieben Jahren Gef\u00e4ngnis.<\/p>\n<p class=\"Typography_text-default__wldUd Typography_align-left__koBUM AnnotatedMarkup_paragraph__IUT9l\"><strong>Lese-Tipp: <\/strong><a href=\"https:\/\/www.rtl.de\/unterhaltung\/stars\/k-pop-star-gestorben-eigene-mutter-findet-wheesung-tot-in-seiner-wohnung-id2135196.html\" target=\"_self\" rel=\"noopener\">Liegt ein Fluch auf den K-Pop-Stars?<\/a><\/p>\n<p>Die Reaktion von NCT? Unmissverst\u00e4ndlich<\/p>\n<p class=\"Typography_text-default__wldUd Typography_align-left__koBUM AnnotatedMarkup_paragraph__IUT9l\"><strong>Wenige Wochen nachdem die ersten Vorw\u00fcrfe gegen Taeil und seine Freunde Lee und Hong laut wurden, zog die K-Pop-Band NCT Konsequenzen.<\/strong> Der heute 31-j\u00e4hrige S\u00e4nger wurde aus der Gruppe ausgeschlossen und auch das Plattenlabel war und ist nicht bereit, weiter mit ihm zu arbeiten.<\/p>\n<p>Anzeige:<\/p>\n<p>Empfehlungen unserer Partner<\/p>\n<p>Video-Tipp: BTS nehmen sich eine Auszeit<\/p>\n<p>00:43 min<\/p>\n<p>Schock f\u00fcr K-Pop-Fans<\/p>\n<p>BTS nehmen sich eine Auszeit<\/p>\n<p class=\"Typography_text-default__wldUd Typography_align-left__koBUM AnnotatedMarkup_paragraph__IUT9l\">NCT (\u201eNeo Culture Technology\u201d) wurde ab dem Jahr 2016 von SM Entertainment, einem s\u00fcdkoreanischen Unterhaltungs-Unternehmen, mit Taeil als einem der Gr\u00fcndungsmitglieder aufgebaut. Es entstanden im Laufe der Jahre weitere Untergruppen, von denen der nun Verurteilte aber lediglich in zwei Bands Mitglied war. Auch in Deutschland konnten sie sich in der Vergangenheit mit Alben wie \u201eSticker\u201d in den Charts platzieren. (ajo)<\/p>\n","protected":false},"excerpt":{"rendered":"Dreieinhalb Jahre Haft!Von den B\u00fchnen der Welt in den Knast! K-Pop-Star nach Vergewaltigung im Gef\u00e4ngnis Taeil, Mitglied der&hellip;\n","protected":false},"author":2,"featured_media":260007,"comment_status":"","ping_status":"","sticky":false,"template":"","format":"standard","meta":{"footnotes":""},"categories":[1772],"tags":[34450,29,214,30,12347,79068,1779,810,79067,79066,215,1921],"class_list":{"0":"post-260006","1":"post","2":"type-post","3":"status-publish","4":"format-standard","5":"has-post-thumbnail","7":"category-musik","8":"tag-boyband","9":"tag-deutschland","10":"tag-entertainment","11":"tag-germany","12":"tag-k-pop","13":"tag-missbrauchs-prozess","14":"tag-music","15":"tag-musik","16":"tag-nct","17":"tag-taeil","18":"tag-unterhaltung","19":"tag-vergewaltigung"},"share_on_mastodon":{"url":"https:\/\/pubeurope.com\/@de\/114834911286502863","error":""},"_links":{"self":[{"href":"https:\/\/www.europesays.com\/de\/wp-json\/wp\/v2\/posts\/260006","targetHints":{"allow":["GET"]}}],"collection":[{"href":"https:\/\/www.europesays.com\/de\/wp-json\/wp\/v2\/posts"}],"about":[{"href":"https:\/\/www.europesays.com\/de\/wp-json\/wp\/v2\/types\/post"}],"author":[{"embeddable":true,"href":"https:\/\/www.europesays.com\/de\/wp-json\/wp\/v2\/users\/2"}],"replies":[{"embeddable":true,"href":"https:\/\/www.europesays.com\/de\/wp-json\/wp\/v2\/comments?post=260006"}],"version-history":[{"count":0,"href":"https:\/\/www.europesays.com\/de\/wp-json\/wp\/v2\/posts\/260006\/revisions"}],"wp:featuredmedia":[{"embeddable":true,"href":"https:\/\/www.europesays.com\/de\/wp-json\/wp\/v2\/media\/260007"}],"wp:attachment":[{"href":"https:\/\/www.europesays.com\/de\/wp-json\/wp\/v2\/media?parent=260006"}],"wp:term":[{"taxonomy":"category","embeddable":true,"href":"https:\/\/www.europesays.com\/de\/wp-json\/wp\/v2\/categories?post=260006"},{"taxonomy":"post_tag","embeddable":true,"href":"https:\/\/www.europesays.com\/de\/wp-json\/wp\/v2\/tags?post=260006"}],"curies":[{"name":"wp","href":"https:\/\/api.w.org\/{rel}","templated":true}]}}