{"id":260017,"date":"2025-07-11T13:52:14","date_gmt":"2025-07-11T13:52:14","guid":{"rendered":"https:\/\/www.europesays.com\/de\/260017\/"},"modified":"2025-07-11T13:52:14","modified_gmt":"2025-07-11T13:52:14","slug":"nanjing-volkswagen-schliesst-erstmals-komplettes-werk-in-china","status":"publish","type":"post","link":"https:\/\/www.europesays.com\/de\/260017\/","title":{"rendered":"Nanjing: Volkswagen schlie\u00dft erstmals komplettes Werk in China"},"content":{"rendered":"<p class=\"metatextline\">Stand: 11.07.2025 14:14 Uhr<\/p>\n<p class=\"textabsatz columns twelve  m-ten  m-offset-one l-eight l-offset-two\">\n        <strong>Der Volkswagen-Konzern schlie\u00dft erstmals eines seiner Werke in China.<strong>\u00a0<\/strong>Die Produktion in Nanjing steht dem Konzern zufolge bereits still. Bis Ende des Jahres soll der Standort endg\u00fcltig geschlossen werden.<\/strong>\n    <\/p>\n<p class=\"textabsatz m-ten m-offset-one l-eight l-offset-two columns twelve\">\nVolkswagen und sein chinesischer Partner Saic schlie\u00dfen ihr gemeinsames Werk in der chinesischen Gro\u00dfstadt Nanjing. Das Werk in der ostchinesischen Provinz habe die Produktion beendet, hie\u00df es in einem Statement des Autokonzerns. Der Konzern beschleunige den Umbau auf elektrische Fahrzeuge, und f\u00fcr diese Strategie werde das Produktionsnetzwerk optimiert.\u00a0<\/p>\n<p class=\"textabsatz m-ten m-offset-one l-eight l-offset-two columns twelve\">\nZuvor hatte das <a href=\"https:\/\/www.handelsblatt.com\/unternehmen\/industrie\/volkswagen-vw-schliesst-werk-im-chinesischen-nanjing-produktion-ruht\/100140588.html\" title=\"VW schlie\u00dft Werk im chinesischen Nanjing \u2013 Produktion ruht\" class=\"textlink--extern js-link-dialog\" rel=\"noopener noreferrer\" target=\"_blank\" data-type=\"external\">Handelsblatt \u00fcber die Schlie\u00dfung berichtet<\/a>. Demnach soll die endg\u00fcltige Schlie\u00dfung im zweiten Halbjahr schrittweise erfolgen und die verbleibende Produktion in das benachbarte Werk Yizheng verlagert werden. Es handelt sich um die erste vollst\u00e4ndige Schlie\u00dfung eines VW-Werks in China.<\/p>\n<p>    Probleme mit E-Autos<\/p>\n<p class=\"textabsatz m-ten m-offset-one l-eight l-offset-two columns twelve\">\nDas Werk in Nanjing hatte Volkswagen schon l\u00e4nger im Blick. Die Produktionsst\u00e4tte eignete sich wegen ihrer Lage im Stadtzentrum und der damit verbundenen Einschr\u00e4nkung etwa f\u00fcr eine Erweiterung nicht, um sie f\u00fcr die Elektromobilit\u00e4t umzur\u00fcsten, wie es aus Unternehmenskreisen hie\u00df.\u00a0<\/p>\n<p class=\"textabsatz m-ten m-offset-one l-eight l-offset-two columns twelve\">\n2008 hatte das Gemeinschaftsunternehmen Shanghai Volkswagen die Fabrik in Nanjing in Betrieb genommen. 2011 erreichte das Werk nach Firmenangaben eine j\u00e4hrliche Produktionskapazit\u00e4t von 300.000 Fahrzeugen. Zuletzt wurden dort etwa der VW Passat und der Skoda Superb produziert.<\/p>\n<p>    Hoffen auf neue Modelle<\/p>\n<p class=\"textabsatz m-ten m-offset-one l-eight l-offset-two columns twelve\">\nVolkswagen verkauft immer weniger Autos in China und hat in den vergangenen Jahren Marktanteile verloren. So sank der <a href=\"https:\/\/www.tagesschau.de\/wirtschaft\/unternehmen\/volkswagen-absatzzahlen-zollstreit-china-elektroautos-100.html\" title=\"Volkswagen verkauft fast 50 Prozent mehr E-Autos\" target=\"_blank\" rel=\"noopener\">Absatz im ersten Halbjahr um 2,3 Prozent auf gut 1,3 Millionen Autos.<\/a> Vor allem das Gesch\u00e4ft mit Elektroautos in China ist massiv unter Druck geraten, einheimische Wettbewerber wie BYD fahren hier der Konkurrenz davon.<\/p>\n<p class=\"textabsatz m-ten m-offset-one l-eight l-offset-two columns twelve\">\nVW habe sich inmitten der Rabattschlacht der lokalen Hersteller zuletzt verst\u00e4rkt auf das profitable Gesch\u00e4ft mit Verbrenner-Fahrzeugen konzentriert, teilte ein Konzernsprecher am Dienstag mit. Auf diese Weise sei es gelungen, den Absatz im Juni wieder zu steigern.<\/p>\n<p class=\"textabsatz m-ten m-offset-one l-eight l-offset-two columns twelve\">\nVolkswagen hatte es zuletzt &#8211; wie andere deutsche Hersteller auf dem gr\u00f6\u00dften Automarkt der Welt &#8211; schwer gegen die chinesische Konkurrenz. Ab dem kommenden Jahr will VW mit einer neuen Generation von Elektroautos wieder mehr Autos in China verkaufen.<\/p>\n<p class=\"textabsatz m-ten m-offset-one l-eight l-offset-two columns twelve\">Mit Informationen von Eva Lamby-Schmitt, ARD Shanghai<\/p>\n","protected":false},"excerpt":{"rendered":"Stand: 11.07.2025 14:14 Uhr Der Volkswagen-Konzern schlie\u00dft erstmals eines seiner Werke in China.\u00a0Die Produktion in Nanjing steht dem&hellip;\n","protected":false},"author":2,"featured_media":260018,"comment_status":"","ping_status":"","sticky":false,"template":"","format":"standard","meta":{"footnotes":""},"categories":[134],"tags":[175,227,170,169,29,30,171,174,173,172,603],"class_list":{"0":"post-260017","1":"post","2":"type-post","3":"status-publish","4":"format-standard","5":"has-post-thumbnail","7":"category-unternehmen-maerkte","8":"tag-business","9":"tag-china","10":"tag-companies","11":"tag-companies-markets","12":"tag-deutschland","13":"tag-germany","14":"tag-markets","15":"tag-maerkte","16":"tag-unternehmen","17":"tag-unternehmen-maerkte","18":"tag-vw"},"share_on_mastodon":{"url":"https:\/\/pubeurope.com\/@de\/114834934667135458","error":""},"_links":{"self":[{"href":"https:\/\/www.europesays.com\/de\/wp-json\/wp\/v2\/posts\/260017","targetHints":{"allow":["GET"]}}],"collection":[{"href":"https:\/\/www.europesays.com\/de\/wp-json\/wp\/v2\/posts"}],"about":[{"href":"https:\/\/www.europesays.com\/de\/wp-json\/wp\/v2\/types\/post"}],"author":[{"embeddable":true,"href":"https:\/\/www.europesays.com\/de\/wp-json\/wp\/v2\/users\/2"}],"replies":[{"embeddable":true,"href":"https:\/\/www.europesays.com\/de\/wp-json\/wp\/v2\/comments?post=260017"}],"version-history":[{"count":0,"href":"https:\/\/www.europesays.com\/de\/wp-json\/wp\/v2\/posts\/260017\/revisions"}],"wp:featuredmedia":[{"embeddable":true,"href":"https:\/\/www.europesays.com\/de\/wp-json\/wp\/v2\/media\/260018"}],"wp:attachment":[{"href":"https:\/\/www.europesays.com\/de\/wp-json\/wp\/v2\/media?parent=260017"}],"wp:term":[{"taxonomy":"category","embeddable":true,"href":"https:\/\/www.europesays.com\/de\/wp-json\/wp\/v2\/categories?post=260017"},{"taxonomy":"post_tag","embeddable":true,"href":"https:\/\/www.europesays.com\/de\/wp-json\/wp\/v2\/tags?post=260017"}],"curies":[{"name":"wp","href":"https:\/\/api.w.org\/{rel}","templated":true}]}}