{"id":260034,"date":"2025-07-11T14:01:10","date_gmt":"2025-07-11T14:01:10","guid":{"rendered":"https:\/\/www.europesays.com\/de\/260034\/"},"modified":"2025-07-11T14:01:10","modified_gmt":"2025-07-11T14:01:10","slug":"verkehrskontrollen-in-moenchengladbach-decken-drogenfahrten-und-mehr-auf","status":"publish","type":"post","link":"https:\/\/www.europesays.com\/de\/260034\/","title":{"rendered":"Verkehrskontrollen in M\u00f6nchengladbach decken Drogenfahrten und mehr auf"},"content":{"rendered":"<p class=\"text_ohne_einzug richtext text-em-55 !leading-serif mx-6 desktop:mx-0\"> Bei einer ganzen Reihe von Verkehrskontrollen hat die <a href=\"https:\/\/rp-online.de\/thema\/polizei\/\" rel=\"nofollow noopener\" target=\"_blank\">Polizei<\/a> etliche Anzeigen geschrieben. Wie die Beh\u00f6rde berichtet, waren Beamte aus M\u00f6nchengladbach am Donnerstag, 10.\u2005Juli, zusammen mit Kr\u00e4ften des Landesamts f\u00fcr Ausbildung, Fortbildung und Personalangelegenheiten der Polizei NRW (LAFP) im Stadtgebiet im Einsatz und kontrollierten 73\u2005Fahrerinnen und Fahrer.<\/p>\n<p class=\"richtext text-em-55 !leading-serif mx-6 desktop:mx-0\">F\u00fcnf Anzeigen schrieben die Polizisten, weil der Verdacht des Fahrens unter Drogeneinfluss bestand, in weiteren zwei F\u00e4llen, weil der Fahrer keinen g\u00fcltigen F\u00fchrerschein hatte. Zu den sechs festgestellten Ordnungswidrigkeiten z\u00e4hlen mangelnde Ladungssicherung oder verbotene Handynutzung w\u00e4hrend der Fahrt. Einer Person wurde das Weiterfahren untersagt, weil das Fahrzeug \u201eerheblich \u00fcberladen\u201c gewesen sei. Die Polizei k\u00fcndigt an, Kontrollen dieser Art \u201eregelm\u00e4\u00dfig durchzuf\u00fchren, um die Sicherheit auf den Stra\u00dfen zu erh\u00f6hen und gef\u00e4hrliches Verhalten konsequent zu ahnden\u201c.<\/p>\n","protected":false},"excerpt":{"rendered":"Bei einer ganzen Reihe von Verkehrskontrollen hat die Polizei etliche Anzeigen geschrieben. Wie die Beh\u00f6rde berichtet, waren Beamte&hellip;\n","protected":false},"author":2,"featured_media":260035,"comment_status":"","ping_status":"","sticky":false,"template":"","format":"standard","meta":{"footnotes":""},"categories":[1849],"tags":[79070,3364,29,548,663,3934,23926,35,30,13,3270,4455,14,15,1209,79071,12,56977,3180],"class_list":{"0":"post-260034","1":"post","2":"type-post","3":"status-publish","4":"format-standard","5":"has-post-thumbnail","7":"category-moenchengladbach","8":"tag-berauscht","9":"tag-de","10":"tag-deutschland","11":"tag-eu","12":"tag-europa","13":"tag-europe","14":"tag-festgestellt","15":"tag-fuehrerschein","16":"tag-germany","17":"tag-headlines","18":"tag-kontrollen","19":"tag-moenchengladbach","20":"tag-nachrichten","21":"tag-news","22":"tag-nordrhein-westfalen","23":"tag-reihenweise","24":"tag-schlagzeilen","25":"tag-ueberladen","26":"tag-verstoesse"},"share_on_mastodon":{"url":"https:\/\/pubeurope.com\/@de\/114834969982808500","error":""},"_links":{"self":[{"href":"https:\/\/www.europesays.com\/de\/wp-json\/wp\/v2\/posts\/260034","targetHints":{"allow":["GET"]}}],"collection":[{"href":"https:\/\/www.europesays.com\/de\/wp-json\/wp\/v2\/posts"}],"about":[{"href":"https:\/\/www.europesays.com\/de\/wp-json\/wp\/v2\/types\/post"}],"author":[{"embeddable":true,"href":"https:\/\/www.europesays.com\/de\/wp-json\/wp\/v2\/users\/2"}],"replies":[{"embeddable":true,"href":"https:\/\/www.europesays.com\/de\/wp-json\/wp\/v2\/comments?post=260034"}],"version-history":[{"count":0,"href":"https:\/\/www.europesays.com\/de\/wp-json\/wp\/v2\/posts\/260034\/revisions"}],"wp:featuredmedia":[{"embeddable":true,"href":"https:\/\/www.europesays.com\/de\/wp-json\/wp\/v2\/media\/260035"}],"wp:attachment":[{"href":"https:\/\/www.europesays.com\/de\/wp-json\/wp\/v2\/media?parent=260034"}],"wp:term":[{"taxonomy":"category","embeddable":true,"href":"https:\/\/www.europesays.com\/de\/wp-json\/wp\/v2\/categories?post=260034"},{"taxonomy":"post_tag","embeddable":true,"href":"https:\/\/www.europesays.com\/de\/wp-json\/wp\/v2\/tags?post=260034"}],"curies":[{"name":"wp","href":"https:\/\/api.w.org\/{rel}","templated":true}]}}