{"id":260036,"date":"2025-07-11T14:02:11","date_gmt":"2025-07-11T14:02:11","guid":{"rendered":"https:\/\/www.europesays.com\/de\/260036\/"},"modified":"2025-07-11T14:02:11","modified_gmt":"2025-07-11T14:02:11","slug":"blonder-junge-gesucht-radfahrerin-gerammt-und-abgehauen","status":"publish","type":"post","link":"https:\/\/www.europesays.com\/de\/260036\/","title":{"rendered":"Blonder Junge gesucht: Radfahrerin gerammt und abgehauen"},"content":{"rendered":"<p><b>Zusammensto\u00df auf Fahrradtrasse in Essen: Eine 20-j\u00e4hrige Radfahrerin wurde bei einer Kollision mit einem E-Scooter-Fahrer leicht verletzt. Die Polizei sucht Zeugen und Hinweise zu den fl\u00fcchtigen Jugendlichen.<\/b>\n<\/p>\n<p>Auf einer Fahrradtrasse in Essen-\u00dcberruhr-Hinsel ist es am Donnerstagabend, 10. Juli, zu einem Zusammensto\u00df zwischen einer Fahrradfahrerin und einem E-Scooter-Fahrer gekommen. Dabei wurde die 20-j\u00e4hrige Radfahrerin leicht verletzt. Die Polizei sucht Zeugen des Vorfalls.<\/p>\n<p>Nach bisherigen Erkenntnissen war die Fahrradfahrerin gegen 19 Uhr auf der Trasse unterhalb des R\u00fcpingswegs in Richtung Kupferdreh unterwegs, als ihr zwei Jugendliche auf E-Scootern entgegenkamen. Einer der beiden Jugendlichen soll w\u00e4hrend der Fahrt mit seinem Mobiltelefon besch\u00e4ftigt gewesen sein, wodurch es zu einer Kollision mit der Radfahrerin kam. Beide Beteiligten st\u00fcrzten, wobei die 20-J\u00e4hrige leichte Verletzungen erlitt. Die beiden Jugendlichen fl\u00fcchteten anschlie\u00dfend mit ihren E-Scootern vom Unfallort.<\/p>\n<p>Der beteiligte E-Scooter-Fahrer wird als etwa zehn bis 14 Jahre alt und 1,30 bis 1,40 Meter gro\u00df beschrieben. Er soll blonde, kurze Haare haben und ein wei\u00dfes Shirt getragen haben. Die Polizei bittet Zeugen, die Hinweise zu dem Unfallverursacher oder seinem Begleiter geben k\u00f6nnen, sich unter der Telefonnummer 0201\/829-0 oder per E-Mail an hinweise.essen@polizei.nrw.de zu melden.<\/p>\n<p>Dieser Beitrag stammt von presseportal.de und wurde mit Hilfe von KI erstellt.<\/p>\n<p>                <a id=\"like-anchor\"\/><\/p>\n<p>                    Dieser Inhalt gef\u00e4llt Ihnen?<\/p>\n<p>Melden Sie sich an, um diesen Inhalt mit \u00abGef\u00e4llt mir\u00bb zu markieren.<\/p>\n<p>            \u00d7<\/p>\n<p>        <a href=\"#\" data-trigger-click-on-space-or-enter=\"\" class=\"button ggm-like-button hollow\" title=\"Gef\u00e4llt mir\" data-open=\"like-conversion-687119609e789\"><\/p>\n<p>        <\/a><\/p>\n<p>\n        Gef\u00e4llt <strong>0<\/strong> mal<br \/>\n        0\n    <\/p>\n<p>                    Sie m\u00f6chten diesem Profil folgen?<\/p>\n<p>Verpassen Sie nicht die neuesten Inhalte von diesem Profil: Melden Sie sich an, um neuen Inhalten von Profilen und Orten in Ihrem <strong>pers\u00f6nlichen Feed<\/strong> zu folgen.<\/p>\n<p>            \u00d7<\/p>\n<p>\n            <strong>4<\/strong> folgen diesem Profil\n        <\/p>\n","protected":false},"excerpt":{"rendered":"Zusammensto\u00df auf Fahrradtrasse in Essen: Eine 20-j\u00e4hrige Radfahrerin wurde bei einer Kollision mit einem E-Scooter-Fahrer leicht verletzt. Die&hellip;\n","protected":false},"author":2,"featured_media":260037,"comment_status":"","ping_status":"","sticky":false,"template":"","format":"standard","meta":{"footnotes":""},"categories":[1848],"tags":[3364,29,548,663,3934,3658,30,13,14,15,1209,12],"class_list":{"0":"post-260036","1":"post","2":"type-post","3":"status-publish","4":"format-standard","5":"has-post-thumbnail","7":"category-gelsenkirchen","8":"tag-de","9":"tag-deutschland","10":"tag-eu","11":"tag-europa","12":"tag-europe","13":"tag-gelsenkirchen","14":"tag-germany","15":"tag-headlines","16":"tag-nachrichten","17":"tag-news","18":"tag-nordrhein-westfalen","19":"tag-schlagzeilen"},"share_on_mastodon":{"url":"https:\/\/pubeurope.com\/@de\/114834973915441042","error":""},"_links":{"self":[{"href":"https:\/\/www.europesays.com\/de\/wp-json\/wp\/v2\/posts\/260036","targetHints":{"allow":["GET"]}}],"collection":[{"href":"https:\/\/www.europesays.com\/de\/wp-json\/wp\/v2\/posts"}],"about":[{"href":"https:\/\/www.europesays.com\/de\/wp-json\/wp\/v2\/types\/post"}],"author":[{"embeddable":true,"href":"https:\/\/www.europesays.com\/de\/wp-json\/wp\/v2\/users\/2"}],"replies":[{"embeddable":true,"href":"https:\/\/www.europesays.com\/de\/wp-json\/wp\/v2\/comments?post=260036"}],"version-history":[{"count":0,"href":"https:\/\/www.europesays.com\/de\/wp-json\/wp\/v2\/posts\/260036\/revisions"}],"wp:featuredmedia":[{"embeddable":true,"href":"https:\/\/www.europesays.com\/de\/wp-json\/wp\/v2\/media\/260037"}],"wp:attachment":[{"href":"https:\/\/www.europesays.com\/de\/wp-json\/wp\/v2\/media?parent=260036"}],"wp:term":[{"taxonomy":"category","embeddable":true,"href":"https:\/\/www.europesays.com\/de\/wp-json\/wp\/v2\/categories?post=260036"},{"taxonomy":"post_tag","embeddable":true,"href":"https:\/\/www.europesays.com\/de\/wp-json\/wp\/v2\/tags?post=260036"}],"curies":[{"name":"wp","href":"https:\/\/api.w.org\/{rel}","templated":true}]}}