{"id":260068,"date":"2025-07-11T14:18:15","date_gmt":"2025-07-11T14:18:15","guid":{"rendered":"https:\/\/www.europesays.com\/de\/260068\/"},"modified":"2025-07-11T14:18:15","modified_gmt":"2025-07-11T14:18:15","slug":"zoll-streit-eu-sieht-sich-bereit-fuer-handelsabkommen-mit-den-usa","status":"publish","type":"post","link":"https:\/\/www.europesays.com\/de\/260068\/","title":{"rendered":"Zoll-Streit: EU sieht sich &#8222;bereit&#8220; f\u00fcr Handelsabkommen mit den USA"},"content":{"rendered":"<p>                    Zoll-Streit<br \/>\n                EU sieht sich &#8222;bereit&#8220; f\u00fcr Handelsabkommen mit den USA<\/p>\n<p>\t\t\t\t              11.07.2025, 15:20 Uhr<\/p>\n<p><b>Nach den j\u00fcngsten Drohungen von US-Pr\u00e4sident Donald Trump zu einer Erh\u00f6hung der Z\u00f6lle hat die Europ\u00e4ische Union erneut ihre Bereitschaft zu einer Einigung in dem Zollstreit bekr\u00e4ftigt. &#8222;Wir stehen nach wie vor bereit, ein Abkommen mit den USA zu schlie\u00dfen&#8220;, sagte ein Kommissionssprecher in Br\u00fcssel. &#8222;Mal sehen, was passiert, wenn unsere Freunde in Washington in ein paar Stunden aufwachen&#8220;, f\u00fcgte er hinzu.<\/b><\/p>\n<p>Nachdem es in dieser Woche zun\u00e4chst so ausgesehen hatte, als ob Br\u00fcssel und Washington sich auf ein schnelles Abkommen einigen w\u00fcrden, um Z\u00f6lle in H\u00f6he von 20 Prozent zu vermeiden, blieb ein Durchbruch aus. Stattdessen verl\u00e4ngerte Trump die von ihm selbst gesetzte Frist f\u00fcr eine Einigung vom 9. Juli auf den 1. August. Am Donnerstag sagte er jedoch dem Sender NBC News, die EU werde &#8222;heute oder morgen&#8220; einen Brief mit Einzelheiten zu neuen Z\u00f6llen erhalten. Zuletzt hatte Trump \u00fcber seinen Onlinedienst Truth Social neue Z\u00f6lle f\u00fcr Kanada und Brasilien angedroht.<\/p>\n<p>Der Kommissionssprecher sagte, die EU sei &#8222;auf alle Szenarien vorbereitet&#8220; und bleibe &#8222;in engem Kontakt mit unseren Mitgliedsstaaten und unserer Industrie&#8220;. Br\u00fcssel hat Gegenz\u00f6lle auf US-Produkte im Wert von rund 21 Milliarden Euro vorbereitet, nachdem Trump Anfang des Jahres Z\u00f6lle in H\u00f6he von 25 Prozent auf Stahl- und Aluminiumimporte verh\u00e4ngt hatte. Die EU-Z\u00f6lle w\u00fcrden nach jetzigem Stand in der kommenden Woche in der Nacht zu Mittwoch in Kraft treten. Diese Frist k\u00f6nnte jedoch &#8222;ohne Schwierigkeit&#8220; verl\u00e4ngert werden, betonte der Kommissionssprecher.<\/p>\n<p>Derzeit seien keine neuen Gespr\u00e4che oder Treffen zwischen den Verhandlungsf\u00fchrern der EU und der USA geplant, teilte die Kommission mit. &#8222;Das kann sich aber alles jeden Moment \u00e4ndern&#8220;, sagte Kommissionssprecherin Paula Pinho.<\/p>\n","protected":false},"excerpt":{"rendered":"Zoll-Streit EU sieht sich &#8222;bereit&#8220; f\u00fcr Handelsabkommen mit den USA 11.07.2025, 15:20 Uhr Nach den j\u00fcngsten Drohungen von&hellip;\n","protected":false},"author":2,"featured_media":260069,"comment_status":"","ping_status":"","sticky":false,"template":"","format":"standard","meta":{"footnotes":""},"categories":[3977],"tags":[331,332,548,14952,13,14,15,12,4017,4018,4016,64,4019,4020,54126],"class_list":{"0":"post-260068","1":"post","2":"type-post","3":"status-publish","4":"format-standard","5":"has-post-thumbnail","7":"category-usa","8":"tag-aktuelle-nachrichten","9":"tag-aktuelle-news","10":"tag-eu","11":"tag-handelsabkommen","12":"tag-headlines","13":"tag-nachrichten","14":"tag-news","15":"tag-schlagzeilen","16":"tag-united-states","17":"tag-united-states-of-america","18":"tag-us","19":"tag-usa","20":"tag-vereinigte-staaten","21":"tag-vereinigte-staaten-von-amerika","22":"tag-zoll-streit"},"share_on_mastodon":{"url":"https:\/\/pubeurope.com\/@de\/114835036923169914","error":""},"_links":{"self":[{"href":"https:\/\/www.europesays.com\/de\/wp-json\/wp\/v2\/posts\/260068","targetHints":{"allow":["GET"]}}],"collection":[{"href":"https:\/\/www.europesays.com\/de\/wp-json\/wp\/v2\/posts"}],"about":[{"href":"https:\/\/www.europesays.com\/de\/wp-json\/wp\/v2\/types\/post"}],"author":[{"embeddable":true,"href":"https:\/\/www.europesays.com\/de\/wp-json\/wp\/v2\/users\/2"}],"replies":[{"embeddable":true,"href":"https:\/\/www.europesays.com\/de\/wp-json\/wp\/v2\/comments?post=260068"}],"version-history":[{"count":0,"href":"https:\/\/www.europesays.com\/de\/wp-json\/wp\/v2\/posts\/260068\/revisions"}],"wp:featuredmedia":[{"embeddable":true,"href":"https:\/\/www.europesays.com\/de\/wp-json\/wp\/v2\/media\/260069"}],"wp:attachment":[{"href":"https:\/\/www.europesays.com\/de\/wp-json\/wp\/v2\/media?parent=260068"}],"wp:term":[{"taxonomy":"category","embeddable":true,"href":"https:\/\/www.europesays.com\/de\/wp-json\/wp\/v2\/categories?post=260068"},{"taxonomy":"post_tag","embeddable":true,"href":"https:\/\/www.europesays.com\/de\/wp-json\/wp\/v2\/tags?post=260068"}],"curies":[{"name":"wp","href":"https:\/\/api.w.org\/{rel}","templated":true}]}}