{"id":260121,"date":"2025-07-11T14:46:10","date_gmt":"2025-07-11T14:46:10","guid":{"rendered":"https:\/\/www.europesays.com\/de\/260121\/"},"modified":"2025-07-11T14:46:10","modified_gmt":"2025-07-11T14:46:10","slug":"haltestelle-in-stuttgart-feuerbach-maskierte-maenner-schlagen-und-rauben-17-und-18-jaehrigen-aus","status":"publish","type":"post","link":"https:\/\/www.europesays.com\/de\/260121\/","title":{"rendered":"Haltestelle in Stuttgart-Feuerbach: Maskierte M\u00e4nner schlagen und rauben 17- und 18-J\u00e4hrigen aus"},"content":{"rendered":"<p>Maskierte T\u00e4ter haben in der Nacht auf Freitag zwei junge M\u00e4nner im Alter von 17 und 18 Jahren an der Stadtbahnhaltestelle Pfostenw\u00e4ldle in <a href=\"https:\/\/www.stuttgarter-zeitung.de\/thema\/Stuttgart-Feuerbach\" title=\"Stuttgart-Feuerbach\" class=\"art_thema\" target=\"_blank\" rel=\"noopener\">Stuttgart-Feuerbach<\/a> geschlagen und ausgeraubt.<\/p>\n<p>Nach Angaben der <a href=\"https:\/\/www.stuttgarter-zeitung.de\/thema\/Polizei\" title=\"Polizei\" class=\"art_thema\" target=\"_blank\" rel=\"noopener\">Polizei<\/a> sprachen gegen 23.45 Uhr zun\u00e4chst zwei bislang unbekannte M\u00e4nner die beiden jungen M\u00e4nner in der Unterf\u00fchrung an, ehe sie unvermittelt auf beide einschlugen.<\/p>\n<p>Daraufhin seien mehrere maskierte Personen hinzugekommen, die ebenfalls auf beide eingeschlagen h\u00e4tten. Die T\u00e4ter sollen im Verlauf etwa 140 Euro Bargeld von den Gesch\u00e4digten gestohlen und dann in unbekannte Richtung gefl\u00fcchtet sein.<\/p>\n<p>Rettungskr\u00e4fte k\u00fcmmerten sich um die beiden Verletzten und brachten sie in ein Krankenhaus. Die Kriminalpolizei bittet Zeugen, sich telefonisch unter 0711\/89905-778 zu melden.<\/p>\n","protected":false},"excerpt":{"rendered":"Maskierte T\u00e4ter haben in der Nacht auf Freitag zwei junge M\u00e4nner im Alter von 17 und 18 Jahren&hellip;\n","protected":false},"author":2,"featured_media":260122,"comment_status":"","ping_status":"","sticky":false,"template":"","format":"standard","meta":{"footnotes":""},"categories":[1830],"tags":[1634,3364,29,30,6513,79081,121,8248,4651,6774,1441,15255,4996],"class_list":{"0":"post-260121","1":"post","2":"type-post","3":"status-publish","4":"format-standard","5":"has-post-thumbnail","7":"category-stuttgart","8":"tag-baden-wuerttemberg","9":"tag-de","10":"tag-deutschland","11":"tag-germany","12":"tag-haltestelle","13":"tag-pfostenwaeldle","14":"tag-polizei","15":"tag-polizeibericht-stuttgart","16":"tag-schlaegerei","17":"tag-stadtbahnhaltestelle","18":"tag-stuttgart","19":"tag-stuttgart-feuerbach","20":"tag-zeugen"},"share_on_mastodon":{"url":"https:\/\/pubeurope.com\/@de\/114835146874093632","error":""},"_links":{"self":[{"href":"https:\/\/www.europesays.com\/de\/wp-json\/wp\/v2\/posts\/260121","targetHints":{"allow":["GET"]}}],"collection":[{"href":"https:\/\/www.europesays.com\/de\/wp-json\/wp\/v2\/posts"}],"about":[{"href":"https:\/\/www.europesays.com\/de\/wp-json\/wp\/v2\/types\/post"}],"author":[{"embeddable":true,"href":"https:\/\/www.europesays.com\/de\/wp-json\/wp\/v2\/users\/2"}],"replies":[{"embeddable":true,"href":"https:\/\/www.europesays.com\/de\/wp-json\/wp\/v2\/comments?post=260121"}],"version-history":[{"count":0,"href":"https:\/\/www.europesays.com\/de\/wp-json\/wp\/v2\/posts\/260121\/revisions"}],"wp:featuredmedia":[{"embeddable":true,"href":"https:\/\/www.europesays.com\/de\/wp-json\/wp\/v2\/media\/260122"}],"wp:attachment":[{"href":"https:\/\/www.europesays.com\/de\/wp-json\/wp\/v2\/media?parent=260121"}],"wp:term":[{"taxonomy":"category","embeddable":true,"href":"https:\/\/www.europesays.com\/de\/wp-json\/wp\/v2\/categories?post=260121"},{"taxonomy":"post_tag","embeddable":true,"href":"https:\/\/www.europesays.com\/de\/wp-json\/wp\/v2\/tags?post=260121"}],"curies":[{"name":"wp","href":"https:\/\/api.w.org\/{rel}","templated":true}]}}