{"id":260161,"date":"2025-07-11T15:06:12","date_gmt":"2025-07-11T15:06:12","guid":{"rendered":"https:\/\/www.europesays.com\/de\/260161\/"},"modified":"2025-07-11T15:06:12","modified_gmt":"2025-07-11T15:06:12","slug":"spice-girl-emma-bunton-zeigt-sich-bei-seltenem-auftritt-mit-sohn-beau","status":"publish","type":"post","link":"https:\/\/www.europesays.com\/de\/260161\/","title":{"rendered":"&#8222;Spice Girl&#8220; Emma Bunton zeigt sich bei seltenem Auftritt mit Sohn Beau"},"content":{"rendered":"<p>In Wimbledon<\/p>\n<p>&#8222;Spice Girl&#8220; Emma Bunton zeigt sich bei seltenem Auftritt mit Sohn Beau<\/p>\n<p>von spot on news<\/p>\n<p>11.07.2025, 15:15 Uhr<\/p>\n<p>11. Juli 2025 um 15:15 Uhr<\/p>\n<p>&#8222;Spice Girls&#8220;-Star Emma Bunton und ihr 17-j\u00e4hriger Sohn Beau besuchen gemeinsam das Tennisturnier in Wimbledon und pr\u00e4sentieren sich im wei\u00dfen Partnerlook.<\/p>\n<p><a href=\"https:\/\/www.bunte.de\/stars\/stars-die-liebe\/ex-spice-girl-mel-b-hat-erneut-geheiratet-nur-eine-bandkollegin-zu-gast_d0766744-5967-46d7-b2c1-135b3cfb6bf3.html\" rel=\"follow nofollow noopener\" target=\"_self\">Emma Bunton<\/a> (49) erscheint am Donnerstag mit ihrem Sohn Beau bei Wimbledon &#8211; eine seltene Gelegenheit, die beiden zusammen in der \u00d6ffentlichkeit zu sehen. Die S\u00e4ngerin wird H\u00e4ndchen haltend mit Beau beim Betreten des Gel\u00e4ndes fotografiert.<\/p>\n<p>&#8222;Spice Girls&#8220;-Star Emma Bunton stilsicher im Wimbledon<\/p>\n<p>Bunton tr\u00e4gt ein wei\u00dfes A-Linien-Kleid mit Kragen von Laura Green, kombiniert mit nudefarbenen Heels von Stuart Weitzman, einer rosafarbenen Prada-Tasche und einer klassischen Pilotensonnenbrille. Beau kleidet sich in ein cremefarbenes Hemd, schwarze Stoffhose und tr\u00e4gt dazu einen braunen Hut.<\/p>\n<p>ANZEIGEEmma Bunton teilt Eindr\u00fccke von Ausflug mit Sohn Beau<\/p>\n<p>Gemeinsam verfolgen die beiden auf der Trib\u00fcne das Spiel auf dem Centre Court. Dort finden am Donnerstag die Halbfinals der Damen statt. Auf Instagram teilt Bunton einige Eindr\u00fccke des Tages mit ihrem Sohn, darunter ein Selfie von der Trib\u00fcne und ein Video, in dem sie ansto\u00dfen. &#8222;Ein brillanter Tag&#8220;, fasst sie sp\u00e4ter in einem Beitrag zusammen. <a href=\"https:\/\/www.bunte.de\/starprofile\/victoria-beckham.html\" rel=\"follow nofollow noopener\" target=\"_self\">Victoria Beckham<\/a> (51), ehemalige Kollegin bei den &#8222;Spice Girls&#8220;, kommentiert mit &#8222;So sch\u00f6n!!! K\u00fcsse&#8220;.<\/p>\n<p>Beau Bunton Jones ist der \u00e4lteste Sohn von Emma Bunton und Musiker Jade Jones (46). Das Paar ist seit \u00fcber zwei Jahrzehnten zusammen und heiratete 2021.<\/p>\n","protected":false},"excerpt":{"rendered":"In Wimbledon &#8222;Spice Girl&#8220; Emma Bunton zeigt sich bei seltenem Auftritt mit Sohn Beau von spot on news&hellip;\n","protected":false},"author":2,"featured_media":260162,"comment_status":"","ping_status":"","sticky":false,"template":"","format":"standard","meta":{"footnotes":""},"categories":[1772],"tags":[29,214,30,1779,810,215],"class_list":{"0":"post-260161","1":"post","2":"type-post","3":"status-publish","4":"format-standard","5":"has-post-thumbnail","7":"category-musik","8":"tag-deutschland","9":"tag-entertainment","10":"tag-germany","11":"tag-music","12":"tag-musik","13":"tag-unterhaltung"},"share_on_mastodon":{"url":"https:\/\/pubeurope.com\/@de\/114835225547524785","error":""},"_links":{"self":[{"href":"https:\/\/www.europesays.com\/de\/wp-json\/wp\/v2\/posts\/260161","targetHints":{"allow":["GET"]}}],"collection":[{"href":"https:\/\/www.europesays.com\/de\/wp-json\/wp\/v2\/posts"}],"about":[{"href":"https:\/\/www.europesays.com\/de\/wp-json\/wp\/v2\/types\/post"}],"author":[{"embeddable":true,"href":"https:\/\/www.europesays.com\/de\/wp-json\/wp\/v2\/users\/2"}],"replies":[{"embeddable":true,"href":"https:\/\/www.europesays.com\/de\/wp-json\/wp\/v2\/comments?post=260161"}],"version-history":[{"count":0,"href":"https:\/\/www.europesays.com\/de\/wp-json\/wp\/v2\/posts\/260161\/revisions"}],"wp:featuredmedia":[{"embeddable":true,"href":"https:\/\/www.europesays.com\/de\/wp-json\/wp\/v2\/media\/260162"}],"wp:attachment":[{"href":"https:\/\/www.europesays.com\/de\/wp-json\/wp\/v2\/media?parent=260161"}],"wp:term":[{"taxonomy":"category","embeddable":true,"href":"https:\/\/www.europesays.com\/de\/wp-json\/wp\/v2\/categories?post=260161"},{"taxonomy":"post_tag","embeddable":true,"href":"https:\/\/www.europesays.com\/de\/wp-json\/wp\/v2\/tags?post=260161"}],"curies":[{"name":"wp","href":"https:\/\/api.w.org\/{rel}","templated":true}]}}