{"id":260235,"date":"2025-07-11T15:44:13","date_gmt":"2025-07-11T15:44:13","guid":{"rendered":"https:\/\/www.europesays.com\/de\/260235\/"},"modified":"2025-07-11T15:44:13","modified_gmt":"2025-07-11T15:44:13","slug":"corona-maskenaffaere-bgh-reduziert-haftstrafe-fuer-andrea-tandler","status":"publish","type":"post","link":"https:\/\/www.europesays.com\/de\/260235\/","title":{"rendered":"Corona-Maskenaff\u00e4re: BGH reduziert Haftstrafe f\u00fcr Andrea Tandler"},"content":{"rendered":"<p class=\"paragraph article__item\">Das Urteil gegen die CSU-Politikertochter Andrea Tandler und ihren Gesch\u00e4ftspartner wegen millionenschwerer <a class=\"rtr-entity\" href=\"https:\/\/www.zeit.de\/thema\/steuerhinterziehung\" target=\"_blank\" rel=\"noopener\">Steuerhinterziehung<\/a> im Zusammenhang mit der Corona-Maskenaff\u00e4re ist rechtskr\u00e4ftig. Ihre Haftstrafe wurde allerdings abgemildert, wie der <a href=\"https:\/\/www.bundesgerichtshof.de\/SharedDocs\/Pressemitteilungen\/DE\/2025\/2025126.html\" class=\"\" target=\"_blank\" rel=\"noopener\">Bundesgerichtshof<\/a> (BGH) mitteilte.\u00a0\n<\/p>\n<p class=\"paragraph article__item\">Die Unternehmerin Tandler war im Dezember 2023 am Landgericht M\u00fcnchen zu einer<br \/>\nGesamtstrafe von vier Jahren und f\u00fcnf Monaten Haft verurteilt worden. Ihr ebenfalls angeklagter Gesch\u00e4ftspartner erhielt drei Jahre und neun Monate.\u00a0Das Urteil wurde dahingehend ge\u00e4ndert, dass beide jeweils nur noch<br \/>\neine dreij\u00e4hrige Freiheitsstrafe verb\u00fc\u00dfen m\u00fcssen, wie ein <a href=\"https:\/\/www.zeit.de\/thema\/bundesgerichtshof\" class=\"\" target=\"_blank\" rel=\"noopener\">BGH<\/a>-Sprecher<br \/>\nsagte.\u00a0\n<\/p>\n<p class=\"paragraph article__item\">W\u00e4hrend<br \/>\ndie Verfahren zur Hinterziehung von Einkommensteuer zwischenzeitlich<br \/>\neingestellt wurden, blieb die Verurteilung wegen Gewerbesteuerhinterziehung<br \/>\nbestehen. Tandler ist die Tochter des ehemaligen CSU-Generalsekret\u00e4rs und bayerischen<br \/>\n Finanzministers Gerold Tandler. Sie geh\u00f6rte zu den finanziellen<br \/>\nGewinnerinnen der <a href=\"https:\/\/www.zeit.de\/thema\/coronavirus\" class=\"\" target=\"_blank\" rel=\"noopener\">Coronakrise<\/a> in Deutschland.\n<\/p>\n<p>        Gericht beziffert Steuerschaden durch Hinterziehung auf 4,2 Millionen Euro        <\/p>\n<p class=\"paragraph article__item\">Zu Beginn der Coronapandemie 2020 <a href=\"https:\/\/www.zeit.de\/wirtschaft\/2025-07\/maskenaffaere-jens-spahn-sudhof-bericht-schwaerzungen-unternehmen\" class=\"\" target=\"_blank\" rel=\"noopener\">vermittelte Tandler f\u00fcr den Schweizer Maskenlieferanten Emix Gesch\u00e4fte mit verschiedenen Bundes- und Landesbeh\u00f6rden<\/a>. Die Unternehmerin nutzte daf\u00fcr laut der Feststellung des Landgerichts M\u00fcnchen im Dezember 2023 ihre guten Kontakte zu ranghohen CSU-Politikern.\u00a0W\u00e4hrend das legal war, wurde sie wegen der Hinterziehung von Gewerbesteuervorauszahlungen verurteilt.\u00a0\n<\/p>\n<p class=\"paragraph article__item\">Laut Gericht erzielte Tandler gemeinsam mit ihrem Gesch\u00e4ftspartner Provisionen in H\u00f6he von 48 Millionen Euro. Die Angeklagten hatten dem Urteil zufolge den M\u00fcnchner Vorort Gr\u00fcnwald als Firmensitz gew\u00e4hlt, um dort von der\u00a0deutlich geringeren Gewerbesteuer im Vergleich zur bayerischen Landeshauptstadt zu profitieren.\u00a0\n<\/p>\n<p class=\"paragraph article__item\">Tats\u00e4chlich arbeiteten die beiden aber nicht in Gr\u00fcnwald. So wurden<br \/>\ndeutlich niedrigere Gewerbesteuervorauszahlungen festgesetzt \u2013 dem Staat entstand ein Steuerschaden von knapp 4,2 Millionen Euro, den die beiden Unternehmerinnen sp\u00e4ter beglichen. Die daf\u00fcr vom Landgericht verh\u00e4ngten\u00a0drei Jahre<br \/>\n Haft als Einzelstrafen hat der BGH nun best\u00e4tigt.\n<\/p>\n<p>            Maskenaff\u00e4re        <\/p>\n<p>Mehr zum Thema<\/p>\n<p>                <a href=\"https:\/\/www.zeit.de\/wirtschaft\/2025-07\/maskenaffaere-jens-spahn-sudhof-bericht-schwaerzungen-unternehmen\" data-ct-label=\"Jens Spahn: Die Jungs mit den Masken\" target=\"_blank\" rel=\"noopener\"><\/p>\n<p>                        Jens Spahn:<br \/>\n                        Die Jungs mit den Masken<\/p>\n<p>                <\/a><\/p>\n","protected":false},"excerpt":{"rendered":"Das Urteil gegen die CSU-Politikertochter Andrea Tandler und ihren Gesch\u00e4ftspartner wegen millionenschwerer Steuerhinterziehung im Zusammenhang mit der Corona-Maskenaff\u00e4re&hellip;\n","protected":false},"author":2,"featured_media":260236,"comment_status":"","ping_status":"","sticky":false,"template":"","format":"standard","meta":{"footnotes":""},"categories":[5],"tags":[331,332,79095,3364,29,3647,2690,30,13,1015,14,15,3256,16,12,5734,2106],"class_list":{"0":"post-260235","1":"post","2":"type-post","3":"status-publish","4":"format-standard","5":"has-post-thumbnail","7":"category-nachrichten","8":"tag-aktuelle-nachrichten","9":"tag-aktuelle-news","10":"tag-corona-maskenaffaere","11":"tag-de","12":"tag-deutschland","13":"tag-gefaengnis","14":"tag-gericht","15":"tag-germany","16":"tag-headlines","17":"tag-justiz","18":"tag-nachrichten","19":"tag-news","20":"tag-pandemie","21":"tag-politik","22":"tag-schlagzeilen","23":"tag-steuerhinterziehung","24":"tag-strafrecht"},"share_on_mastodon":{"url":"https:\/\/pubeurope.com\/@de\/114835375293589007","error":""},"_links":{"self":[{"href":"https:\/\/www.europesays.com\/de\/wp-json\/wp\/v2\/posts\/260235","targetHints":{"allow":["GET"]}}],"collection":[{"href":"https:\/\/www.europesays.com\/de\/wp-json\/wp\/v2\/posts"}],"about":[{"href":"https:\/\/www.europesays.com\/de\/wp-json\/wp\/v2\/types\/post"}],"author":[{"embeddable":true,"href":"https:\/\/www.europesays.com\/de\/wp-json\/wp\/v2\/users\/2"}],"replies":[{"embeddable":true,"href":"https:\/\/www.europesays.com\/de\/wp-json\/wp\/v2\/comments?post=260235"}],"version-history":[{"count":0,"href":"https:\/\/www.europesays.com\/de\/wp-json\/wp\/v2\/posts\/260235\/revisions"}],"wp:featuredmedia":[{"embeddable":true,"href":"https:\/\/www.europesays.com\/de\/wp-json\/wp\/v2\/media\/260236"}],"wp:attachment":[{"href":"https:\/\/www.europesays.com\/de\/wp-json\/wp\/v2\/media?parent=260235"}],"wp:term":[{"taxonomy":"category","embeddable":true,"href":"https:\/\/www.europesays.com\/de\/wp-json\/wp\/v2\/categories?post=260235"},{"taxonomy":"post_tag","embeddable":true,"href":"https:\/\/www.europesays.com\/de\/wp-json\/wp\/v2\/tags?post=260235"}],"curies":[{"name":"wp","href":"https:\/\/api.w.org\/{rel}","templated":true}]}}