{"id":260312,"date":"2025-07-11T16:26:10","date_gmt":"2025-07-11T16:26:10","guid":{"rendered":"https:\/\/www.europesays.com\/de\/260312\/"},"modified":"2025-07-11T16:26:10","modified_gmt":"2025-07-11T16:26:10","slug":"shg-zieht-umstrittenen-geschaefsfuehrer-aus-voelklingen-ab","status":"publish","type":"post","link":"https:\/\/www.europesays.com\/de\/260312\/","title":{"rendered":"SHG zieht umstrittenen Gesch\u00e4fsf\u00fchrer aus V\u00f6lklingen ab"},"content":{"rendered":"<p>Oliver Adolph ist nicht l\u00e4nger Gesch\u00e4ftsf\u00fchrer f\u00fcr den SHG-Klinik-Standort in V\u00f6lklingen. Der Aufsichtsrat habe die Entscheidung am Freitagmorgen einstimmig getroffen, teilte das B\u00fcro von Aufsichtsratschefin und Regionalverbands-Direktorin Carolin Lehberger mit. <\/p>\n<p>Adolph bleibe Gesch\u00e4ftsf\u00fchrer gemeinsam mit Bernd Mege, sie tauschten aber die Zust\u00e4ndigkeit f\u00fcr die beiden SHG-Kliniken V\u00f6lklingen und Saarbr\u00fccken-Sonnenberg.<\/p>\n<p>                          Kritik an harschem Auftreten<\/p>\n<p>Kritik gab es vor allem am Umgangston und dem harschen Auftritt von Gesch\u00e4ftsf\u00fchrer Adolph. <a href=\"https:\/\/www.sr.de\/sr\/home\/nachrichten\/politik_wirtschaft\/petition_einer_pflegekraft_wegen_schlechter_arbeitsbedingungen_shg_klinik_voelklingen_100.html\" title=\"Zum Beitrag: Besch\u00e4ftigte kritisieren Arbeitsbedingungen in V\u00f6lklinger SHG-Klinik\" target=\"_blank\" rel=\"noopener\">Zun\u00e4chst hatten sich Anfang des Jahres Pflegekr\u00e4fte mit einer Petition an die \u00d6ffentlichkeit gewandt<\/a>. <a href=\"https:\/\/www.sr.de\/sr\/home\/nachrichten\/politik_wirtschaft\/aerger_shg_klinik_voelklingen_kritik_von_aerzten_100.html\" title=\"Zum Beitrag: \u00c4rger bei der SHG-Klinik V\u00f6lklingen h\u00e4lt an \" target=\"_blank\" rel=\"noopener\">Im Laufe der vergangenen Monate folgten Briefe an den Aufsichtsrat<\/a> zun\u00e4chst der Kardiologen. Im Mai schlossen sich die Herz-Chirurgen an und zuletzt die <a href=\"https:\/\/www.sr.de\/sr\/home\/nachrichten\/panorama\/brief_assistenzaerzte_shg_klinik_voeklingen_100.html\" title=\"Zum Beitrag: Assistenz\u00e4rzte der SHG-Klinik V\u00f6lklingen sorgen sich um Ausbildung\" target=\"_blank\" rel=\"noopener\">Assistenz\u00e4rzte, die um ihre Ausbildung f\u00fcrchteten<\/a>.<\/p>\n<p><a href=\"https:\/\/www.sr.de\/sr\/home\/nachrichten\/politik_wirtschaft\/offenbar_kuendigungswelle_shg_klinik_voelklingen_100.html\" title=\"Zum Beitrag: Offenbar K\u00fcndigungswelle bei der SHG-Klinik in V\u00f6lklingen\" target=\"_blank\" rel=\"noopener\">Insgesamt haben in V\u00f6lklingen im Laufe dieses Jahres zehn Ober\u00e4rzte gek\u00fcndigt.<\/a> Die Begr\u00fcndung war jeweils das schlechte Betriebsklima aufgrund des Auftretens von Adolph.<\/p>\n<p>                          Hoffnung auf Entspannung der Situation<\/p>\n<p>Der Aufsichtsrat erhofft sich durch dessen Abberufung eine Entspannung der aufgeladenen Atmosph\u00e4re im Herzzentrum V\u00f6lklingen.<\/p>\n<p>Dort solle die Mediation mit dem bisherigen Beauftragten Eisenbeis fortgef\u00fchrt werden. Durch den Weggang Adolphs erh\u00f6he man die Chancen auf einen Erfolg dieser Ma\u00dfnahme, so der Sprecher des Regionalverbands.<\/p>\n<p>Die Gewerkschaft Verdi, die die Pflegekr\u00e4fte vertritt, begr\u00fc\u00dfte die Abberufung Adolphs aus der SHG-Klinik V\u00f6lklingen. Gewerkschaftssekret\u00e4rin Lisa Summkeller sagte dem SR, das sei die Grundlage f\u00fcr notwendige Ver\u00e4nderungen am Herzzentrum. Jetzt m\u00fcsse gehandelt werden. Die Ver\u00e4nderungen m\u00fcssten bei den Besch\u00e4ftigten schnell und sp\u00fcrbar ankommen.<\/p>\n<p>                          Linke sieht Entwicklungsperspektive f\u00fcr Herzzentrum<\/p>\n<p>Die Linksfraktion im Regionalverband Saarbr\u00fccken begr\u00fc\u00dft die Abberufung von Adolph. &#8222;Nun hat das Herzzentrum endlich wieder eine Entwicklungsperspektive \u2013 f\u00fcr die Mitarbeitenden als auch f\u00fcr die Patienten&#8220;, sagte der Vorsitzende J\u00fcrgen Trenz. <\/p>\n<p>Nach Ansicht der Linksfraktion m\u00fcsse der Aufsichtsrat nun umgehend auf die zehn Ober\u00e4rzte zugehen, die gek\u00fcndigt haben und ausloten, unter welchen Bedingungen ein Verbleib in der Klinik m\u00f6glich sei.<\/p>\n<p>Gesundheitsminister Magnus Jung (SPD) zeigte sich besorgt \u00fcber die Entwicklungen an der SHG-Klinik, begr\u00fc\u00dfte allerdings die Abberufung Adolphs ebenfalls. Das erm\u00f6gliche es, die Konflikte am Standort zu l\u00f6sen. Weiter wolle er sich \u00f6ffentlich derzeit nicht \u00e4u\u00dfern.<\/p>\n<p>\u00dcber dieses Thema haben auch die SR info-Nachrichten im Radio am 11.07.2025 berichtet.<\/p>\n","protected":false},"excerpt":{"rendered":"Oliver Adolph ist nicht l\u00e4nger Gesch\u00e4ftsf\u00fchrer f\u00fcr den SHG-Klinik-Standort in V\u00f6lklingen. Der Aufsichtsrat habe die Entscheidung am Freitagmorgen&hellip;\n","protected":false},"author":2,"featured_media":260313,"comment_status":"","ping_status":"","sticky":false,"template":"","format":"standard","meta":{"footnotes":""},"categories":[1772],"tags":[13567,29,214,30,1779,810,79105,79103,215,79104],"class_list":{"0":"post-260312","1":"post","2":"type-post","3":"status-publish","4":"format-standard","5":"has-post-thumbnail","7":"category-musik","8":"tag-aufsichtsrat","9":"tag-deutschland","10":"tag-entertainment","11":"tag-germany","12":"tag-music","13":"tag-musik","14":"tag-oliver-adoplh","15":"tag-shg","16":"tag-unterhaltung","17":"tag-voelklingen"},"share_on_mastodon":{"url":"https:\/\/pubeurope.com\/@de\/114835540423171662","error":""},"_links":{"self":[{"href":"https:\/\/www.europesays.com\/de\/wp-json\/wp\/v2\/posts\/260312","targetHints":{"allow":["GET"]}}],"collection":[{"href":"https:\/\/www.europesays.com\/de\/wp-json\/wp\/v2\/posts"}],"about":[{"href":"https:\/\/www.europesays.com\/de\/wp-json\/wp\/v2\/types\/post"}],"author":[{"embeddable":true,"href":"https:\/\/www.europesays.com\/de\/wp-json\/wp\/v2\/users\/2"}],"replies":[{"embeddable":true,"href":"https:\/\/www.europesays.com\/de\/wp-json\/wp\/v2\/comments?post=260312"}],"version-history":[{"count":0,"href":"https:\/\/www.europesays.com\/de\/wp-json\/wp\/v2\/posts\/260312\/revisions"}],"wp:featuredmedia":[{"embeddable":true,"href":"https:\/\/www.europesays.com\/de\/wp-json\/wp\/v2\/media\/260313"}],"wp:attachment":[{"href":"https:\/\/www.europesays.com\/de\/wp-json\/wp\/v2\/media?parent=260312"}],"wp:term":[{"taxonomy":"category","embeddable":true,"href":"https:\/\/www.europesays.com\/de\/wp-json\/wp\/v2\/categories?post=260312"},{"taxonomy":"post_tag","embeddable":true,"href":"https:\/\/www.europesays.com\/de\/wp-json\/wp\/v2\/tags?post=260312"}],"curies":[{"name":"wp","href":"https:\/\/api.w.org\/{rel}","templated":true}]}}