{"id":260374,"date":"2025-07-11T16:58:13","date_gmt":"2025-07-11T16:58:13","guid":{"rendered":"https:\/\/www.europesays.com\/de\/260374\/"},"modified":"2025-07-11T16:58:13","modified_gmt":"2025-07-11T16:58:13","slug":"europaeischer-wein-koennte-aus-handelsabkommen-mit-den-usa-ausgeschlossen-werden-warnt-lobbyverband","status":"publish","type":"post","link":"https:\/\/www.europesays.com\/de\/260374\/","title":{"rendered":"Europ\u00e4ischer Wein k\u00f6nnte aus Handelsabkommen mit den USA ausgeschlossen werden, warnt Lobbyverband"},"content":{"rendered":"<p>Europ\u00e4ische Weine k\u00f6nnten im Rahmen eines Handelsabkommens zwischen der EU und der Regierung des US-Pr\u00e4sidenten Donald Trump m\u00f6glicherweise nicht von einer bevorzugten Behandlung profitieren. Das teilte der wichtigste Lobbyverband der Branche am Freitag mit.<\/p>\n<p>&#8222;Wir sind zutiefst besorgt \u00fcber den m\u00f6glichen Ausschluss von Wein aus der Liste der sensiblen G\u00fcter, die im Abkommenspaket enthalten sind&#8220;, sagte Marzia Varvaglione, Pr\u00e4sidentin des europ\u00e4ischen Weinproduzentenverbands CEEV.<\/p>\n<p>Produkte wie franz\u00f6sischer Bordeaux, italienischer Chianti oder spanischer Rioja sind stark auf die Vereinigten Staaten als ihren wichtigsten Exportmarkt angewiesen. Die j\u00e4hrlichen Ausfuhren haben einen Wert von fast 5 Milliarden Euro (&amp;dollar;5,84\u00a0Milliarden).<\/p>\n<p>Reuters berichtete Anfang dieser Woche, dass der Block kurz davor stehe, Zugest\u00e4ndnisse bei den US-Basistarifen von 10% f\u00fcr Flugzeuge und Teile, einige medizinische Ger\u00e4te sowie alkoholische Getr\u00e4nke zu erhalten. Es war jedoch zun\u00e4chst unklar, ob Wein Teil des Abkommens sei.<\/p>\n<p>Vertreter der Branche fordern wiederholt einen &#8222;Null f\u00fcr Null&#8220;-Ansatz, um den Handel mit alkoholischen Getr\u00e4nken \u00fcber den Atlantik hinweg zu f\u00f6rdern.<\/p>\n<p>Obwohl der gr\u00f6\u00dfte Teil der europ\u00e4ischen Weinbranche aus kleineren und meist nicht b\u00f6rsennotierten Unternehmen besteht, z\u00e4hlen einige gro\u00dfe, \u00f6ffentlich gehandelte Konzerne wie LVMH und Pernod Ricard Weing\u00fcter zu ihren Verm\u00f6genswerten.<\/p>\n<p>(&amp;dollar;1 = 0,8562 Euro)<\/p>\n","protected":false},"excerpt":{"rendered":"Europ\u00e4ische Weine k\u00f6nnten im Rahmen eines Handelsabkommens zwischen der EU und der Regierung des US-Pr\u00e4sidenten Donald Trump m\u00f6glicherweise&hellip;\n","protected":false},"author":2,"featured_media":260375,"comment_status":"","ping_status":"","sticky":false,"template":"","format":"standard","meta":{"footnotes":""},"categories":[3977],"tags":[331,332,665,13,14,15,12,4017,4018,4016,64,4019,4020],"class_list":{"0":"post-260374","1":"post","2":"type-post","3":"status-publish","4":"format-standard","5":"has-post-thumbnail","7":"category-usa","8":"tag-aktuelle-nachrichten","9":"tag-aktuelle-news","10":"tag-boerse","11":"tag-headlines","12":"tag-nachrichten","13":"tag-news","14":"tag-schlagzeilen","15":"tag-united-states","16":"tag-united-states-of-america","17":"tag-us","18":"tag-usa","19":"tag-vereinigte-staaten","20":"tag-vereinigte-staaten-von-amerika"},"share_on_mastodon":{"url":"https:\/\/pubeurope.com\/@de\/114835666348638365","error":""},"_links":{"self":[{"href":"https:\/\/www.europesays.com\/de\/wp-json\/wp\/v2\/posts\/260374","targetHints":{"allow":["GET"]}}],"collection":[{"href":"https:\/\/www.europesays.com\/de\/wp-json\/wp\/v2\/posts"}],"about":[{"href":"https:\/\/www.europesays.com\/de\/wp-json\/wp\/v2\/types\/post"}],"author":[{"embeddable":true,"href":"https:\/\/www.europesays.com\/de\/wp-json\/wp\/v2\/users\/2"}],"replies":[{"embeddable":true,"href":"https:\/\/www.europesays.com\/de\/wp-json\/wp\/v2\/comments?post=260374"}],"version-history":[{"count":0,"href":"https:\/\/www.europesays.com\/de\/wp-json\/wp\/v2\/posts\/260374\/revisions"}],"wp:featuredmedia":[{"embeddable":true,"href":"https:\/\/www.europesays.com\/de\/wp-json\/wp\/v2\/media\/260375"}],"wp:attachment":[{"href":"https:\/\/www.europesays.com\/de\/wp-json\/wp\/v2\/media?parent=260374"}],"wp:term":[{"taxonomy":"category","embeddable":true,"href":"https:\/\/www.europesays.com\/de\/wp-json\/wp\/v2\/categories?post=260374"},{"taxonomy":"post_tag","embeddable":true,"href":"https:\/\/www.europesays.com\/de\/wp-json\/wp\/v2\/tags?post=260374"}],"curies":[{"name":"wp","href":"https:\/\/api.w.org\/{rel}","templated":true}]}}