{"id":260493,"date":"2025-07-11T18:02:14","date_gmt":"2025-07-11T18:02:14","guid":{"rendered":"https:\/\/www.europesays.com\/de\/260493\/"},"modified":"2025-07-11T18:02:14","modified_gmt":"2025-07-11T18:02:14","slug":"pol-ge-zwei-pedelecs-sichergestellt-wer-ist-eigentuemer","status":"publish","type":"post","link":"https:\/\/www.europesays.com\/de\/260493\/","title":{"rendered":"POL-GE: Zwei Pedelecs sichergestellt &#8211; Wer ist Eigent\u00fcmer?"},"content":{"rendered":"<p class=\"date\">11.07.2025 \u2013 15:17<\/p>\n<p class=\"customer\">\n                        <a class=\"story-customer\" title=\"weiter zum newsroom von Polizei Gelsenkirchen\" href=\"https:\/\/www.presseportal.de\/blaulicht\/nr\/51056\" rel=\"nofollow noopener\" target=\"_blank\">Polizei Gelsenkirchen<\/a>\n                    <\/p>\n<p><a class=\"glightbox-pseudo event-trigger\" href=\"https:\/\/cache.pressmailing.net\/thumbnail\/story_hires\/b6a3cf48-4717-4131-901e-754ff01e733c\/Pedelec-Diebstahl01.jpg.jpg\" data-description=\"Wem geh\u00f6rt dieses Fahrrad?\" data-category=\"medialightbox\" data-action=\"click\" data-label=\"single\" data-value=\"68710f06270000fd2cefded5\" rel=\"nofollow noopener\" target=\"_blank\"><img decoding=\"async\" height=\"540\" with=\"720\" src=\"https:\/\/www.europesays.com\/de\/wp-content\/uploads\/2025\/07\/pol-ge-zwei-pedelecs-sichergestellt-wer-ist-eigent-mer.jpeg\"   alt=\"POL-GE: Zwei Pedelecs sichergestellt - Wer ist Eigent\u00fcmer?\" class=\"single\"\/><\/a><\/p>\n<p><a data-category=\"citylink-story-view\" data-action=\"click\" data-label=\"Citylink in Meldungsansicht\" class=\"story-city event-trigger\" href=\"https:\/\/www.presseportal.de\/regional\/Gelsenkirchen\" title=\"News aus Gelsenkirchen \" rel=\"nofollow noopener\" target=\"_blank\">Gelsenkirchen<\/a> (ots)<\/p>\n<p>Die Polizei sucht mit Fotos nach den Besitzern zweier Pedelecs. Polizeibeamte stellten die beiden Fahrr\u00e4der am Samstag, 21. Juni 2025, im Rahmen eines Einsatzes in Schalke-Nord sicher. Die Meldung hierzu vom 23. Juni 2025 finden Sie unter <a target=\"_blank\" class=\"uri-ext outbound\" rel=\"noopener nofollow\" href=\"https:\/\/www.presseportal.de\/blaulicht\/pm\/51056\/6060957\">https:\/\/www.presseportal.de\/blaulicht\/pm\/51056\/6060957<\/a>.<\/p>\n<p>Da der Verdacht besteht, dass die beiden aufgefunden Pedelecs der Marken Raleigh und Kalkhoff aus einem Diebstahl stammen, ver\u00f6ffentlicht die Polizei nun Fotos zu den Fahrr\u00e4dern. Mit der Ver\u00f6ffentlichung der Bilder hoffen die Ermittler, die aufgefundenen Pedelecs den rechtm\u00e4\u00dfigen Eigent\u00fcmern zuordnen zu k\u00f6nnen.<\/p>\n<p>M\u00f6gliche Eigent\u00fcmer werden gebeten, sich beim Verkehrskommissariat unter der Rufnummer 0209 365 6221 oder bei der Leitstelle unter 0209 365 2160 zu melden. Wichtig ist, dass ein Eigentumsnachweis erbracht wird. Ben\u00f6tigt werden dazu beispielsweise die Rahmennummer, ein Kaufbeleg oder Fotos als Nachweis.<\/p>\n<p class=\"contact-headline\">Nachfragen f\u00fcr Journalistinnen und Journalisten:<\/p>\n<p class=\"contact-text\">Polizei Gelsenkirchen<br \/>Merle Trippelsdorf<br \/>Telefon: +49 (0) 209 365-2011<br \/>E-Mail: <a href=\"https:\/\/www.presseportal.de\/blaulicht\/pm\/51056\/mailto: pressestelle.gelsenkirchen@polizei.nrw.de\" class=\"uri-mailto\" rel=\"nofollow noopener\" target=\"_blank\"> pressestelle.gelsenkirchen@polizei.nrw.de<\/a><br \/><a target=\"_blank\" class=\"uri-ext outbound\" rel=\"noopener nofollow\" href=\"https:\/\/gelsenkirchen.polizei.nrw\/\">https:\/\/gelsenkirchen.polizei.nrw\/<\/a><\/p>\n<p class=\"originator\">Original-Content von: Polizei Gelsenkirchen, \u00fcbermittelt durch news aktuell<\/p>\n","protected":false},"excerpt":{"rendered":"11.07.2025 \u2013 15:17 Polizei Gelsenkirchen Gelsenkirchen (ots) Die Polizei sucht mit Fotos nach den Besitzern zweier Pedelecs. Polizeibeamte&hellip;\n","protected":false},"author":2,"featured_media":260494,"comment_status":"","ping_status":"","sticky":false,"template":"","format":"standard","meta":{"footnotes":""},"categories":[1848],"tags":[3364,29,548,663,3934,3658,30,13,177,14,15,1209,176,121,178,180,179,181,12],"class_list":{"0":"post-260493","1":"post","2":"type-post","3":"status-publish","4":"format-standard","5":"has-post-thumbnail","7":"category-gelsenkirchen","8":"tag-de","9":"tag-deutschland","10":"tag-eu","11":"tag-europa","12":"tag-europe","13":"tag-gelsenkirchen","14":"tag-germany","15":"tag-headlines","16":"tag-kriminalitt","17":"tag-nachrichten","18":"tag-news","19":"tag-nordrhein-westfalen","20":"tag-nrw","21":"tag-polizei","22":"tag-presse","23":"tag-pressemeldung","24":"tag-pressemitteilung","25":"tag-pressemitteilungen","26":"tag-schlagzeilen"},"share_on_mastodon":{"url":"https:\/\/pubeurope.com\/@de\/114835917822482408","error":""},"_links":{"self":[{"href":"https:\/\/www.europesays.com\/de\/wp-json\/wp\/v2\/posts\/260493","targetHints":{"allow":["GET"]}}],"collection":[{"href":"https:\/\/www.europesays.com\/de\/wp-json\/wp\/v2\/posts"}],"about":[{"href":"https:\/\/www.europesays.com\/de\/wp-json\/wp\/v2\/types\/post"}],"author":[{"embeddable":true,"href":"https:\/\/www.europesays.com\/de\/wp-json\/wp\/v2\/users\/2"}],"replies":[{"embeddable":true,"href":"https:\/\/www.europesays.com\/de\/wp-json\/wp\/v2\/comments?post=260493"}],"version-history":[{"count":0,"href":"https:\/\/www.europesays.com\/de\/wp-json\/wp\/v2\/posts\/260493\/revisions"}],"wp:featuredmedia":[{"embeddable":true,"href":"https:\/\/www.europesays.com\/de\/wp-json\/wp\/v2\/media\/260494"}],"wp:attachment":[{"href":"https:\/\/www.europesays.com\/de\/wp-json\/wp\/v2\/media?parent=260493"}],"wp:term":[{"taxonomy":"category","embeddable":true,"href":"https:\/\/www.europesays.com\/de\/wp-json\/wp\/v2\/categories?post=260493"},{"taxonomy":"post_tag","embeddable":true,"href":"https:\/\/www.europesays.com\/de\/wp-json\/wp\/v2\/tags?post=260493"}],"curies":[{"name":"wp","href":"https:\/\/api.w.org\/{rel}","templated":true}]}}