{"id":260497,"date":"2025-07-11T18:04:13","date_gmt":"2025-07-11T18:04:13","guid":{"rendered":"https:\/\/www.europesays.com\/de\/260497\/"},"modified":"2025-07-11T18:04:13","modified_gmt":"2025-07-11T18:04:13","slug":"motorradfahrer-bei-unfall-auf-a8-schwer-verletzt","status":"publish","type":"post","link":"https:\/\/www.europesays.com\/de\/260497\/","title":{"rendered":"Motorradfahrer bei Unfall auf A8 schwer verletzt"},"content":{"rendered":"<p><strong>Ein Motorradfahrer ist bei einem Unfall am Donnerstag auf der <\/strong><a href=\"https:\/\/www.donaukurier.de\/themen\/a\/a8\" target=\"_blank\" rel=\"nofollow noopener\">A8<\/a><strong> auf H\u00f6he Augsburg-West schwer verletzt worden. <\/strong><\/p>\n<p>Laut Polizei fuhr der 64-J\u00e4hrige gegen 13 Uhr auf die Autobahn auf und erkannte zu sp\u00e4t, dass eine 21-j\u00e4hrige Autofahrerin verkehrsbedingt abbremste. Der Motorradfahrer kollidierte mit dem Dacia der 21-J\u00e4hrigen und st\u00fcrzte. Er verletzte sich schwer.<\/p>\n<p>Der Rettungsdienst brachte den Mann ins Krankenhaus. Die 21-J\u00e4hrige und ihre beiden Mitfahrerinnen wurden leicht verletzt.<\/p>\n<p style=\"text-align:right;\">AZ<\/p>\n","protected":false},"excerpt":{"rendered":"Ein Motorradfahrer ist bei einem Unfall am Donnerstag auf der A8 auf H\u00f6he Augsburg-West schwer verletzt worden. Laut&hellip;\n","protected":false},"author":2,"featured_media":260498,"comment_status":"","ping_status":"","sticky":false,"template":"","format":"standard","meta":{"footnotes":""},"categories":[1846],"tags":[18192,680,5543,772,3364,29,548,663,3934,30,13,14,15,121,12,1284],"class_list":{"0":"post-260497","1":"post","2":"type-post","3":"status-publish","4":"format-standard","5":"has-post-thumbnail","7":"category-augsburg","8":"tag-a8","9":"tag-augsburg","10":"tag-autobahn","11":"tag-bayern","12":"tag-de","13":"tag-deutschland","14":"tag-eu","15":"tag-europa","16":"tag-europe","17":"tag-germany","18":"tag-headlines","19":"tag-nachrichten","20":"tag-news","21":"tag-polizei","22":"tag-schlagzeilen","23":"tag-unfall"},"share_on_mastodon":{"url":"https:\/\/pubeurope.com\/@de\/114835925582964519","error":""},"_links":{"self":[{"href":"https:\/\/www.europesays.com\/de\/wp-json\/wp\/v2\/posts\/260497","targetHints":{"allow":["GET"]}}],"collection":[{"href":"https:\/\/www.europesays.com\/de\/wp-json\/wp\/v2\/posts"}],"about":[{"href":"https:\/\/www.europesays.com\/de\/wp-json\/wp\/v2\/types\/post"}],"author":[{"embeddable":true,"href":"https:\/\/www.europesays.com\/de\/wp-json\/wp\/v2\/users\/2"}],"replies":[{"embeddable":true,"href":"https:\/\/www.europesays.com\/de\/wp-json\/wp\/v2\/comments?post=260497"}],"version-history":[{"count":0,"href":"https:\/\/www.europesays.com\/de\/wp-json\/wp\/v2\/posts\/260497\/revisions"}],"wp:featuredmedia":[{"embeddable":true,"href":"https:\/\/www.europesays.com\/de\/wp-json\/wp\/v2\/media\/260498"}],"wp:attachment":[{"href":"https:\/\/www.europesays.com\/de\/wp-json\/wp\/v2\/media?parent=260497"}],"wp:term":[{"taxonomy":"category","embeddable":true,"href":"https:\/\/www.europesays.com\/de\/wp-json\/wp\/v2\/categories?post=260497"},{"taxonomy":"post_tag","embeddable":true,"href":"https:\/\/www.europesays.com\/de\/wp-json\/wp\/v2\/tags?post=260497"}],"curies":[{"name":"wp","href":"https:\/\/api.w.org\/{rel}","templated":true}]}}