{"id":260515,"date":"2025-07-11T18:13:15","date_gmt":"2025-07-11T18:13:15","guid":{"rendered":"https:\/\/www.europesays.com\/de\/260515\/"},"modified":"2025-07-11T18:13:15","modified_gmt":"2025-07-11T18:13:15","slug":"groesserer-verkehrsunfall-in-wuppertal","status":"publish","type":"post","link":"https:\/\/www.europesays.com\/de\/260515\/","title":{"rendered":"Gr\u00f6\u00dferer Verkehrsunfall in Wuppertal"},"content":{"rendered":"<p class=\"text_ohne_einzug richtext text-em-55 !leading-serif mx-6 desktop:mx-0\">Am Freitagvormittag ist es am Schwarzbach in Wuppertal zu einem gr\u00f6\u00dferen Verkehrsunfall gekommen. Wie die Polizei auf Nachfrage mitteilte, seien an dem Unfall gegen 12:15 Uhr vier Fahrzeuge beteiligt gewesen. Ein Fahrzeug habe abgeschleppt werden m\u00fcssen, hei\u00dft es. Wie genau es zu dem Unfall gekommen ist, sei derzeit nicht bekannt und m\u00fcsse ermittelt werden.<\/p>\n","protected":false},"excerpt":{"rendered":"Am Freitagvormittag ist es am Schwarzbach in Wuppertal zu einem gr\u00f6\u00dferen Verkehrsunfall gekommen. Wie die Polizei auf Nachfrage&hellip;\n","protected":false},"author":2,"featured_media":260516,"comment_status":"","ping_status":"","sticky":false,"template":"","format":"standard","meta":{"footnotes":"","_share_on_mastodon":"0"},"categories":[1840],"tags":[21247,66875,3364,29,514,30,1209,17474,1284,3260,4418],"class_list":["post-260515","post","type-post","status-publish","format-standard","has-post-thumbnail","category-wuppertal","tag-beamten","tag-beteiligt","tag-de","tag-deutschland","tag-fahrzeug","tag-germany","tag-nordrhein-westfalen","tag-schwarzbach","tag-unfall","tag-verkehrsunfall","tag-wuppertal"],"share_on_mastodon":{"url":"https:\/\/pubeurope.com\/@de\/114835961137854618","error":""},"_links":{"self":[{"href":"https:\/\/www.europesays.com\/de\/wp-json\/wp\/v2\/posts\/260515","targetHints":{"allow":["GET"]}}],"collection":[{"href":"https:\/\/www.europesays.com\/de\/wp-json\/wp\/v2\/posts"}],"about":[{"href":"https:\/\/www.europesays.com\/de\/wp-json\/wp\/v2\/types\/post"}],"author":[{"embeddable":true,"href":"https:\/\/www.europesays.com\/de\/wp-json\/wp\/v2\/users\/2"}],"replies":[{"embeddable":true,"href":"https:\/\/www.europesays.com\/de\/wp-json\/wp\/v2\/comments?post=260515"}],"version-history":[{"count":0,"href":"https:\/\/www.europesays.com\/de\/wp-json\/wp\/v2\/posts\/260515\/revisions"}],"wp:featuredmedia":[{"embeddable":true,"href":"https:\/\/www.europesays.com\/de\/wp-json\/wp\/v2\/media\/260516"}],"wp:attachment":[{"href":"https:\/\/www.europesays.com\/de\/wp-json\/wp\/v2\/media?parent=260515"}],"wp:term":[{"taxonomy":"category","embeddable":true,"href":"https:\/\/www.europesays.com\/de\/wp-json\/wp\/v2\/categories?post=260515"},{"taxonomy":"post_tag","embeddable":true,"href":"https:\/\/www.europesays.com\/de\/wp-json\/wp\/v2\/tags?post=260515"}],"curies":[{"name":"wp","href":"https:\/\/api.w.org\/{rel}","templated":true}]}}