{"id":260519,"date":"2025-07-11T18:15:25","date_gmt":"2025-07-11T18:15:25","guid":{"rendered":"https:\/\/www.europesays.com\/de\/260519\/"},"modified":"2025-07-11T18:15:25","modified_gmt":"2025-07-11T18:15:25","slug":"bochum-kita-direkt-neben-sammelunterkunft-eltern-veraengstigt-jetzt-greift-die-stadt-ein","status":"publish","type":"post","link":"https:\/\/www.europesays.com\/de\/260519\/","title":{"rendered":"Bochum: Kita direkt neben Sammelunterkunft, Eltern ver\u00e4ngstigt \u2013 Jetzt greift die Stadt ein"},"content":{"rendered":"<p>In Bochum befindet sich direkt neben einem Kindergarten eine Sammelunterkunft f\u00fcr Asylbewerber, in der zudem auch Obdachlose betreut werden. Eltern gingen an die \u00d6ffentlichkeit \u2013 aus Angst. Nun hat der Stadtrat eine Entscheidung getroffen.<\/p>\n<p class=\"is-first-paragraph\" data-external=\"Article.FirstParagraph\">Die Bochumer Ratsmitglieder haben entschieden: 50 Obdachlose, von denen einige suchtkrank sind, sollen auf andere Einrichtungen verteilt werden. In den vergangenen Tagen hatte es eine Debatte um die Unterkunft gegeben, in der neben Asylbewerbern auch Obdachlose mit Sucht- und psychischen Problemen unterbracht sind \u2013 in unmittelbarer N\u00e4he eines Kindergartens. \u00dcber die Entscheidung berichtet der <a class=\"is-link c-block-items__link c-link--rich-text-renderer\" href=\"https:\/\/www1.wdr.de\/nachrichten\/ruhrgebiet\/aerger-kita-sammelunterkunft-bochum-100.html\" data-internal-tracking-enabled=\"true\" data-internal-tracking=\"{&quot;action&quot;:&quot;click&quot;,&quot;label&quot;:&quot;link&quot;,&quot;name&quot;:&quot;Inline Element&quot;,&quot;data&quot;:{&quot;source&quot;:&quot;&quot;,&quot;target&quot;:&quot;https:\/\/www1.wdr.de\/nachrichten\/ruhrgebiet\/aerger-kita-sammelunterkunft-bochum-100.html&quot;,&quot;trackingName&quot;:&quot;&quot;,&quot;trackingLabel&quot;:&quot;&quot;}}\" target=\"_blank\" rel=\"noopener\">WDR, der das Thema zuvor in seiner \u201eLokalzeit\u201c aufgegriffen hatte.<\/a><\/p>\n<p>Laut <a class=\"is-link c-block-items__link c-link--rich-text-renderer\" href=\"https:\/\/www.waz.de\/lokales\/bochum\/article409483643\/kita-neben-sammelunterkunft-damit-soll-bald-schluss-sein.html\" data-internal-tracking-enabled=\"true\" data-internal-tracking=\"{&quot;action&quot;:&quot;click&quot;,&quot;label&quot;:&quot;link&quot;,&quot;name&quot;:&quot;Inline Element&quot;,&quot;data&quot;:{&quot;source&quot;:&quot;&quot;,&quot;target&quot;:&quot;https:\/\/www.waz.de\/lokales\/bochum\/article409483643\/kita-neben-sammelunterkunft-damit-soll-bald-schluss-sein.html&quot;,&quot;trackingName&quot;:&quot;&quot;,&quot;trackingLabel&quot;:&quot;&quot;}}\" target=\"_blank\" rel=\"noopener\">\u201eWestdeutscher Allgemeiner Zeitung\u201c <\/a>hatten die Fraktionen von CDU, UWG:Freie B\u00fcrger und FDP einen Dringlichkeitsantrag eingebracht, die Rathaus-Koalition von SPD und Gr\u00fcnen hatte sich dem angeschlossen. Dem Bericht zufolge sollte nun zudem gepr\u00fcft werden, \u201einwieweit in Wattenscheid ein neuer zus\u00e4tzlicher Standort f\u00fcr eine st\u00e4dtische Kindertageseinrichtung ben\u00f6tigt wird\u201c und wann der Standort an der H\u00f6ntroper Stra\u00dfe aufgegeben werden kann.<\/p>\n<p>Eltern schilderten Zwischenf\u00e4lle in der Vergangenheit<\/p>\n<p>Zuvor hatten Schilderungen von Eltern \u00fcber heikle Situationen neben der Obdachlosenunterkunft Wellen geschlagen. In einem WDR-Bericht kam eine Mutter zu Wort, die nach eigenen Angaben selbst beobachtet hatte, wie eine Frau den Zaun zwischen den beiden Einrichtungen \u00fcberwand und auf das Gel\u00e4nde der Kita rannte. Sie habe sofort Angst um ihre Tochter gehabt, so Alexandra Z., und die Kitaleitung alarmiert.<\/p>\n<p>Dem Bericht nach hatten Erzieherinnen damals die offensichtlich berauschte Frau auf dem Spielgel\u00e4nde der Kita gestellt und sie wieder vom Gel\u00e4nde gef\u00fchrt. Auf Nachfrage habe die Frau die Aktion nicht recht begr\u00fcnden k\u00f6nnen, sie wirkte Augenzeugen zufolge verwirrt.<\/p>\n<p>Auch andere Eltern meldeten entsprechende Beobachtungen, und dass ihre Beschwerden gegen die Zust\u00e4nde ohne Resonanz geblieben seien.<\/p>\n<p>Radio Bochum schilderte die Zust\u00e4nde teils noch drastischer: \u201eDie Kinder wollen nicht mehr in die Kita, sie haben Angst und Alptr\u00e4ume. Das ist f\u00fcr die Eltern schwierig, wenn Kinder von nackten M\u00e4nnern erz\u00e4hlen oder nachts aufwachen\u201c. Der Zaun zwischen Kita und Sammelunterkunft verf\u00fcge dem Sender zufolge \u00fcber keinen Sichtschutz.<\/p>\n<p>\u201eMassive verbale Ausf\u00e4lle\u201c gegen\u00fcber Kitapersonal<\/p>\n<p>Dem WDR zufolge sei bis 2019 zun\u00e4chst nur eine Asylunterkunft in dem Geb\u00e4ude direkt neben der Kita untergebracht gewesen, in der vor allem gefl\u00fcchtete Familien untergebracht gewesen seien. Seitdem habe die Stadt die Unterkunft auch f\u00fcr \u201ewohnungslose Menschen ge\u00f6ffnet\u201c.<\/p>\n<p>Laut WAZ-Angaben waren Ende Juni 137 Personen in der derzeit nicht voll belegten Einrichtung an der H\u00f6ntroper Stra\u00dfe untergebracht, davon 50 Wohnungslose \u2013  jene, die nun in anderen Einrichtungen unterkommen werden. Der Stadtrat entschied einstimmig, dass in der Einrichtung neben der Kita k\u00fcnftig wieder ausschlie\u00dflich Fl\u00fcchtlinge unterbracht werden.<\/p>\n<p>lay\/krott<\/p>\n","protected":false},"excerpt":{"rendered":"In Bochum befindet sich direkt neben einem Kindergarten eine Sammelunterkunft f\u00fcr Asylbewerber, in der zudem auch Obdachlose betreut&hellip;\n","protected":false},"author":2,"featured_media":260520,"comment_status":"","ping_status":"","sticky":false,"template":"","format":"standard","meta":{"footnotes":""},"categories":[1839],"tags":[7507,3364,29,30,110,1209,5266,79156],"class_list":{"0":"post-260519","1":"post","2":"type-post","3":"status-publish","4":"format-standard","5":"has-post-thumbnail","7":"category-bochum","8":"tag-bochum","9":"tag-de","10":"tag-deutschland","11":"tag-germany","12":"tag-newsteam","13":"tag-nordrhein-westfalen","14":"tag-obdachlose","15":"tag-obdachlosigkeit-ks"},"share_on_mastodon":{"url":"https:\/\/pubeurope.com\/@de\/114835968873785309","error":""},"_links":{"self":[{"href":"https:\/\/www.europesays.com\/de\/wp-json\/wp\/v2\/posts\/260519","targetHints":{"allow":["GET"]}}],"collection":[{"href":"https:\/\/www.europesays.com\/de\/wp-json\/wp\/v2\/posts"}],"about":[{"href":"https:\/\/www.europesays.com\/de\/wp-json\/wp\/v2\/types\/post"}],"author":[{"embeddable":true,"href":"https:\/\/www.europesays.com\/de\/wp-json\/wp\/v2\/users\/2"}],"replies":[{"embeddable":true,"href":"https:\/\/www.europesays.com\/de\/wp-json\/wp\/v2\/comments?post=260519"}],"version-history":[{"count":0,"href":"https:\/\/www.europesays.com\/de\/wp-json\/wp\/v2\/posts\/260519\/revisions"}],"wp:featuredmedia":[{"embeddable":true,"href":"https:\/\/www.europesays.com\/de\/wp-json\/wp\/v2\/media\/260520"}],"wp:attachment":[{"href":"https:\/\/www.europesays.com\/de\/wp-json\/wp\/v2\/media?parent=260519"}],"wp:term":[{"taxonomy":"category","embeddable":true,"href":"https:\/\/www.europesays.com\/de\/wp-json\/wp\/v2\/categories?post=260519"},{"taxonomy":"post_tag","embeddable":true,"href":"https:\/\/www.europesays.com\/de\/wp-json\/wp\/v2\/tags?post=260519"}],"curies":[{"name":"wp","href":"https:\/\/api.w.org\/{rel}","templated":true}]}}