{"id":260525,"date":"2025-07-11T18:18:10","date_gmt":"2025-07-11T18:18:10","guid":{"rendered":"https:\/\/www.europesays.com\/de\/260525\/"},"modified":"2025-07-11T18:18:10","modified_gmt":"2025-07-11T18:18:10","slug":"stinkefinger-gegen-militaer-tageszeitung-junge-welt-12-07-2025","status":"publish","type":"post","link":"https:\/\/www.europesays.com\/de\/260525\/","title":{"rendered":"Stinkefinger gegen Milit\u00e4r, Tageszeitung junge Welt, 12.07.2025"},"content":{"rendered":"<p>\t\t\t\t\t\t<img decoding=\"async\" id=\"img210902\" src=\"https:\/\/www.europesays.com\/de\/wp-content\/uploads\/2025\/07\/210902.jpg\" class=\"img-fluid\" alt=\"2 BM.JPG\"\/><\/p>\n<p>Bei einer Razzia des US-Milit\u00e4rs in einer G\u00e4rtnerei in Ventura County im US-Bundesstaat Kalifornien ist es am Donnerstag zu Zusammenst\u00f6\u00dfen gekommen. Im Zuge der von US-Pr\u00e4sident Donald Trump gestarteten Abschiebepolitik nahmen die Einsatzkr\u00e4fte mehrere Migranten fest. Dutzende Menschen stellten sich ihnen jedoch in den Weg. Gegen sie wurden Blendgranaten, Rauch und chemische Reizstoffe eingesetzt. Einige Personen berichteten NBC Los Angeles zufolge, dass sie mit Gummi- oder Schaumstoffgeschossen beschossen worden waren.(jW)<\/p>\n","protected":false},"excerpt":{"rendered":"Bei einer Razzia des US-Milit\u00e4rs in einer G\u00e4rtnerei in Ventura County im US-Bundesstaat Kalifornien ist es am Donnerstag&hellip;\n","protected":false},"author":2,"featured_media":260526,"comment_status":"","ping_status":"","sticky":false,"template":"","format":"standard","meta":{"footnotes":""},"categories":[3977],"tags":[331,332,13,14,15,12,4017,4018,4016,64,4019,4020],"class_list":{"0":"post-260525","1":"post","2":"type-post","3":"status-publish","4":"format-standard","5":"has-post-thumbnail","7":"category-usa","8":"tag-aktuelle-nachrichten","9":"tag-aktuelle-news","10":"tag-headlines","11":"tag-nachrichten","12":"tag-news","13":"tag-schlagzeilen","14":"tag-united-states","15":"tag-united-states-of-america","16":"tag-us","17":"tag-usa","18":"tag-vereinigte-staaten","19":"tag-vereinigte-staaten-von-amerika"},"share_on_mastodon":{"url":"https:\/\/pubeurope.com\/@de\/114835980791340970","error":""},"_links":{"self":[{"href":"https:\/\/www.europesays.com\/de\/wp-json\/wp\/v2\/posts\/260525","targetHints":{"allow":["GET"]}}],"collection":[{"href":"https:\/\/www.europesays.com\/de\/wp-json\/wp\/v2\/posts"}],"about":[{"href":"https:\/\/www.europesays.com\/de\/wp-json\/wp\/v2\/types\/post"}],"author":[{"embeddable":true,"href":"https:\/\/www.europesays.com\/de\/wp-json\/wp\/v2\/users\/2"}],"replies":[{"embeddable":true,"href":"https:\/\/www.europesays.com\/de\/wp-json\/wp\/v2\/comments?post=260525"}],"version-history":[{"count":0,"href":"https:\/\/www.europesays.com\/de\/wp-json\/wp\/v2\/posts\/260525\/revisions"}],"wp:featuredmedia":[{"embeddable":true,"href":"https:\/\/www.europesays.com\/de\/wp-json\/wp\/v2\/media\/260526"}],"wp:attachment":[{"href":"https:\/\/www.europesays.com\/de\/wp-json\/wp\/v2\/media?parent=260525"}],"wp:term":[{"taxonomy":"category","embeddable":true,"href":"https:\/\/www.europesays.com\/de\/wp-json\/wp\/v2\/categories?post=260525"},{"taxonomy":"post_tag","embeddable":true,"href":"https:\/\/www.europesays.com\/de\/wp-json\/wp\/v2\/tags?post=260525"}],"curies":[{"name":"wp","href":"https:\/\/api.w.org\/{rel}","templated":true}]}}