{"id":260570,"date":"2025-07-11T18:43:13","date_gmt":"2025-07-11T18:43:13","guid":{"rendered":"https:\/\/www.europesays.com\/de\/260570\/"},"modified":"2025-07-11T18:43:13","modified_gmt":"2025-07-11T18:43:13","slug":"lok-leipzig-und-carl-zeiss-jena-feiern-siege-zu-null","status":"publish","type":"post","link":"https:\/\/www.europesays.com\/de\/260570\/","title":{"rendered":"Lok Leipzig und Carl Zeiss Jena feiern Siege zu Null"},"content":{"rendered":"<p><a name=\"sprung0\" class=\"jumpLabel\">Lok Leipzig siegt klar gegen HSV II<\/a><\/p>\n<p class=\"text\">\nDer 1. FC Lokomotive Leipzig hat im Trainingslager in Sternberg (Mecklenburg) im Testspiel am Freitagnachmittag (11. Juli) gegen die Zweitvertretung des Hamburger SV mit 3:0 (2:0) gewonnen. Die Tore vor der Pause f\u00fcr den Regionalliga-Meister erzielten die Neuzug\u00e4nge Jan-Philipp Stein (5.) und Ayodele Adetula (20.). Luc Elsner (51.) stellte im zweiten Durchgang das Endergebnis her. Die Leipziger treten am Samstag die Heimreise an, ehe am Mittwoch der n\u00e4chste Test ansteht. Dann geht es gegen Ligakonkurrent FC Eilenburg.\n<\/p>\n<p><a name=\"sprung1\" class=\"jumpLabel\">Carl Zeiss Jena schl\u00e4gt Oberligisten SC Freital<\/a><\/p>\n<p class=\"text\">\nDer FC Carl Zeiss Jena hat im s\u00e4chsischen Freital vor 405 Zuschauern gegen den SC mit 2:0 (0:0) gewonnen. Der Favorit aus Th\u00fcringen bekam in der Anfangsphase einen Strafsto\u00df zugesprochen, doch Neuzugang Kevin Lankford vergab vom Punkt (12. Minute). Jena lie\u00df auch in der Folge einige Chancen liegen und hatte kurz vor dem Pausenpfiff Gl\u00fcck, dass Freital einen Hochkar\u00e4ter auslie\u00df.\n<\/p>\n<p class=\"text\">\nNach dem Seitenwechsel bekam der FCC erneut einen Elfmeter zugesprochen, diesmal machte es Patrick Weihrauch besser und brachte den Regionalligisten in F\u00fchrung (55.). Zehn Minuten sp\u00e4ter wechselte Jena-Trainer Volkan Uluc munter durch, brachte neun neue Akteure. An der \u00dcberlegenheit Jenas \u00e4nderte das nichts, Ledjon Fikaj baute die F\u00fchrung gar noch aus (79.), nachdem Jona Kratzenberg auflegte.\n<\/p>\n<p><a name=\"sprung2\" class=\"jumpLabel\">FC Grimma &#8211; Chemie Leipzig, 19:00 Uhr<\/a><\/p>\n<p class=\"text\">\nInformationen nach Abpfiff<\/p>\n","protected":false},"excerpt":{"rendered":"Lok Leipzig siegt klar gegen HSV II Der 1. FC Lokomotive Leipzig hat im Trainingslager in Sternberg (Mecklenburg)&hellip;\n","protected":false},"author":2,"featured_media":260571,"comment_status":"","ping_status":"","sticky":false,"template":"","format":"standard","meta":{"footnotes":""},"categories":[1832],"tags":[5094,5092,3364,29,12438,19487,36837,347,30,3150,79166,27048,71,3457,81,3459,859,79167,3499,265,3498,45996],"class_list":{"0":"post-260570","1":"post","2":"type-post","3":"status-publish","4":"format-standard","5":"has-post-thumbnail","7":"category-leipzig","8":"tag-adrian-alipour","9":"tag-chemie-leipzig","10":"tag-de","11":"tag-deutschland","12":"tag-fc-carl-zeiss-jena","13":"tag-fc-grimma","14":"tag-fcl","15":"tag-fussball","16":"tag-germany","17":"tag-hamburger-sv","18":"tag-hsv-ii","19":"tag-jochen-seitz","20":"tag-leipzig","21":"tag-lok-leipzig","22":"tag-mdr","23":"tag-regionalliga","24":"tag-sachsen","25":"tag-sc-freital","26":"tag-spio","27":"tag-sport","28":"tag-sport-im-osten","29":"tag-volkan-uluc"},"share_on_mastodon":{"url":"https:\/\/pubeurope.com\/@de\/114836079116330248","error":""},"_links":{"self":[{"href":"https:\/\/www.europesays.com\/de\/wp-json\/wp\/v2\/posts\/260570","targetHints":{"allow":["GET"]}}],"collection":[{"href":"https:\/\/www.europesays.com\/de\/wp-json\/wp\/v2\/posts"}],"about":[{"href":"https:\/\/www.europesays.com\/de\/wp-json\/wp\/v2\/types\/post"}],"author":[{"embeddable":true,"href":"https:\/\/www.europesays.com\/de\/wp-json\/wp\/v2\/users\/2"}],"replies":[{"embeddable":true,"href":"https:\/\/www.europesays.com\/de\/wp-json\/wp\/v2\/comments?post=260570"}],"version-history":[{"count":0,"href":"https:\/\/www.europesays.com\/de\/wp-json\/wp\/v2\/posts\/260570\/revisions"}],"wp:featuredmedia":[{"embeddable":true,"href":"https:\/\/www.europesays.com\/de\/wp-json\/wp\/v2\/media\/260571"}],"wp:attachment":[{"href":"https:\/\/www.europesays.com\/de\/wp-json\/wp\/v2\/media?parent=260570"}],"wp:term":[{"taxonomy":"category","embeddable":true,"href":"https:\/\/www.europesays.com\/de\/wp-json\/wp\/v2\/categories?post=260570"},{"taxonomy":"post_tag","embeddable":true,"href":"https:\/\/www.europesays.com\/de\/wp-json\/wp\/v2\/tags?post=260570"}],"curies":[{"name":"wp","href":"https:\/\/api.w.org\/{rel}","templated":true}]}}