{"id":260606,"date":"2025-07-11T19:02:10","date_gmt":"2025-07-11T19:02:10","guid":{"rendered":"https:\/\/www.europesays.com\/de\/260606\/"},"modified":"2025-07-11T19:02:10","modified_gmt":"2025-07-11T19:02:10","slug":"zdf-bericht-geruecht-um-verschwiegenen-migrationshintergrund-von-ausnahme-abiturientin-ist-falsch","status":"publish","type":"post","link":"https:\/\/www.europesays.com\/de\/260606\/","title":{"rendered":"ZDF-Bericht: Ger\u00fccht um verschwiegenen Migrationshintergrund von Ausnahme-Abiturientin ist falsch"},"content":{"rendered":"<p>Aus Rassismus und Neid habe man die afghanische Herkunft einer Ausnahmesch\u00fclerin verschwiegen: Das war der Vorwurf, der deutsche Medien k\u00fcrzlich in sozialen Medien traf. Jetzt zeigt sich, dass die Behauptungen um den Migrationshintergrund des M\u00e4dchens falsch sind.<\/p>\n<p class=\"is-first-paragraph\" data-external=\"Article.FirstParagraph\">Haben deutsche Medien die afghanische Herkunft einer Ausnahmesch\u00fclerin verheimlicht? Das zumindest war in den vergangenen Tagen ein h\u00e4ufig erhobener Vorwurf in den sozialen Medien. Eine <a class=\"is-link c-block-items__link is-external c-link--rich-text-renderer\" href=\"https:\/\/www.zdfheute.de\/panorama\/elfjaehrige-lina-heider-abitur-afghanistan-100.html\" title=\"(Link wird in einem neuen Tab ge\u00f6ffnet)\" rel=\"nofollow noopener\" data-internal-tracking-enabled=\"true\" data-internal-tracking=\"{&quot;action&quot;:&quot;click&quot;,&quot;label&quot;:&quot;link&quot;,&quot;name&quot;:&quot;Inline Element&quot;,&quot;data&quot;:{&quot;source&quot;:&quot;&quot;,&quot;target&quot;:&quot;https:\/\/www.zdfheute.de\/panorama\/elfjaehrige-lina-heider-abitur-afghanistan-100.html&quot;,&quot;trackingName&quot;:&quot;&quot;,&quot;trackingLabel&quot;:&quot;&quot;}}\" target=\"_blank\">Recherche von ZDF Heute<\/a> zeigt nun, dass sich der betreffende Fall ganz anders darstellt als von Influencern und Social-Media-Nutzern behauptet.<\/p>\n<p>Was war passiert? In Bonn hat k\u00fcrzlich Lina Heider ihr Abitur abgelegt \u2013\u00a0im Alter von nur elf Jahren. Diese Leistung wurde in der \u00f6ffentlichen Diskussion jedoch schnell zur Nebensache. Denn auf Instagram und Co. machte die Behauptung die Runde, Heiders Familie sei aus Afghanistan gefl\u00fcchtet \u2013\u00a0deutsche Medien w\u00fcrden diese Information jedoch verschweigen. Vielfach wurden Neid und Rassismus als Gr\u00fcnde vermutet.<\/p>\n<p>Das ZDF etwa zitiert Kommentare, die unter seinem eigenen Instagram-Beitrag zum Thema hinterlassen worden waren: \u201eLina Heider ist ein Hazara-M\u00e4dchen aus Afghanistan!\u201c \u2013 \u201eWenn es negative Schlagzeilen oder Hetze gegen Migrant*innen gibt, verweist ihr vom \u00f6ffentlich-rechtlichen Rundfunk doch auch nicht z\u00f6gerlich auf die Herkunft.\u201c Und: \u201eKlar, damit kannste keinen Hass sch\u00fcren\u201c, sowie \u201eweil die deutschen Medien vor Neid platzen, wenn sie erfahren, dass ein Ausl\u00e4nder besser ist als die\u201c.<\/p>\n<p class=\"c-inline-teaser-list__headline\">Lesen Sie auch<\/p>\n<ul class=\"c-inline-teaser-list__content\">\n<li class=\"c-inline-teaser-list__element\">\n<p>Weltplus ArtikelFl\u00fcchtlingsunterk\u00fcnfte<\/p>\n<\/li>\n<\/ul>\n<p>Auch reichweitenstarke Influencer wie Tarek Ba\u00e9, dem <a class=\"is-link c-block-items__link is-external c-link--rich-text-renderer\" href=\"https:\/\/www.zdfheute.de\/politik\/deutschland\/tarek-bae-israel-gaza-krieg-influencer-nahost-konflikt-islamismus-graue-woelfe-100.html\" title=\"(Link wird in einem neuen Tab ge\u00f6ffnet)\" rel=\"nofollow noopener\" data-internal-tracking-enabled=\"true\" data-internal-tracking=\"{&quot;action&quot;:&quot;click&quot;,&quot;label&quot;:&quot;link&quot;,&quot;name&quot;:&quot;Inline Element&quot;,&quot;data&quot;:{&quot;source&quot;:&quot;&quot;,&quot;target&quot;:&quot;https:\/\/www.zdfheute.de\/politik\/deutschland\/tarek-bae-israel-gaza-krieg-influencer-nahost-konflikt-islamismus-graue-woelfe-100.html&quot;,&quot;trackingName&quot;:&quot;&quot;,&quot;trackingLabel&quot;:&quot;&quot;}}\" target=\"_blank\">vorgeworfen wird<\/a>, Verbindungen zu islamistischen Kreisen zu unterhalten, \u00e4u\u00dferten sich in diese Richtung. Er postete etwa die Behauptung: \u201eIhre Eltern fl\u00fcchteten aus Afghanistan nach Deutschland. Das erw\u00e4hnt kein Medium.\u201c<\/p>\n<p>\u201eIch habe mich bei der Familie f\u00fcr die Weiterverbreitung entschuldigt\u201c<\/p>\n<p>Weder Lina Heider noch ihre Familie haben allerdings afghanischen Migrationshintergrund. Das berichtet ZDF Heute nun unter Berufung auf die Familie der Abiturientin. Lina Heider sei in Deutschland geboren, habe die Familie erkl\u00e4rt. Die Familie habe keinen Fluchthintergrund, auch die Eltern k\u00e4men nicht aus Afghanistan. Derzeit wolle man keine weiteren Stellungnahmen zu dem Vorgang abgeben und bitte, die Privatsph\u00e4re der Familie zu respektieren.<\/p>\n<p>Auch Tarek Ba\u00e9 stellte die Fehlinformation <a class=\"is-link c-block-items__link is-external c-link--rich-text-renderer\" href=\"https:\/\/www.instagram.com\/p\/DLxGTcHsH8Z\/?hl=de\" title=\"(Link wird in einem neuen Tab ge\u00f6ffnet)\" rel=\"nofollow noopener\" data-internal-tracking-enabled=\"true\" data-internal-tracking=\"{&quot;action&quot;:&quot;click&quot;,&quot;label&quot;:&quot;link&quot;,&quot;name&quot;:&quot;Inline Element&quot;,&quot;data&quot;:{&quot;source&quot;:&quot;&quot;,&quot;target&quot;:&quot;https:\/\/www.instagram.com\/p\/DLxGTcHsH8Z\/?hl=de&quot;,&quot;trackingName&quot;:&quot;&quot;,&quot;trackingLabel&quot;:&quot;&quot;}}\" target=\"_blank\">auf seinem Instagram-Account richtig<\/a>: \u201eDie Eltern sind nicht aus Afghanistan gefl\u00fcchtet\u201c, hei\u00dft es dort. \u201eIch habe mich bei der Familie f\u00fcr die Weiterverbreitung entschuldigt.\u201c<\/p>\n<p>Einem fr\u00fcheren ZDF-Beitrag zufolge hat Lina Heider mehrfach Klassen \u00fcbersprungen. Nach anf\u00e4nglicher Skepsis, ob ein so junges M\u00e4dchen in der Oberstufe bestehen k\u00f6nne, habe man aber schnell gemerkt, dass dies der richtige Ort sein k\u00f6nnte, sagt in dem Beitrag der Ansprechpartner f\u00fcr Begabtenf\u00f6rderung der Schule.<\/p>\n<p>s\u00e4d<script async src=\"\/\/www.instagram.com\/embed.js\"><\/script><\/p>\n","protected":false},"excerpt":{"rendered":"Aus Rassismus und Neid habe man die afghanische Herkunft einer Ausnahmesch\u00fclerin verschwiegen: Das war der Vorwurf, der deutsche&hellip;\n","protected":false},"author":2,"featured_media":260607,"comment_status":"","ping_status":"","sticky":false,"template":"","format":"standard","meta":{"footnotes":""},"categories":[1776],"tags":[21127,7451,57014,1801,29,214,30,49172,62,110,1802,215],"class_list":{"0":"post-260606","1":"post","2":"type-post","3":"status-publish","4":"format-standard","5":"has-post-thumbnail","7":"category-prominente","8":"tag-abitur","9":"tag-afghanistan","10":"tag-antisemitismus-ks","11":"tag-celebrities","12":"tag-deutschland","13":"tag-entertainment","14":"tag-germany","15":"tag-islamismus-ks","16":"tag-medien","17":"tag-newsteam","18":"tag-prominente","19":"tag-unterhaltung"},"share_on_mastodon":{"url":"https:\/\/pubeurope.com\/@de\/114836153876811957","error":""},"_links":{"self":[{"href":"https:\/\/www.europesays.com\/de\/wp-json\/wp\/v2\/posts\/260606","targetHints":{"allow":["GET"]}}],"collection":[{"href":"https:\/\/www.europesays.com\/de\/wp-json\/wp\/v2\/posts"}],"about":[{"href":"https:\/\/www.europesays.com\/de\/wp-json\/wp\/v2\/types\/post"}],"author":[{"embeddable":true,"href":"https:\/\/www.europesays.com\/de\/wp-json\/wp\/v2\/users\/2"}],"replies":[{"embeddable":true,"href":"https:\/\/www.europesays.com\/de\/wp-json\/wp\/v2\/comments?post=260606"}],"version-history":[{"count":0,"href":"https:\/\/www.europesays.com\/de\/wp-json\/wp\/v2\/posts\/260606\/revisions"}],"wp:featuredmedia":[{"embeddable":true,"href":"https:\/\/www.europesays.com\/de\/wp-json\/wp\/v2\/media\/260607"}],"wp:attachment":[{"href":"https:\/\/www.europesays.com\/de\/wp-json\/wp\/v2\/media?parent=260606"}],"wp:term":[{"taxonomy":"category","embeddable":true,"href":"https:\/\/www.europesays.com\/de\/wp-json\/wp\/v2\/categories?post=260606"},{"taxonomy":"post_tag","embeddable":true,"href":"https:\/\/www.europesays.com\/de\/wp-json\/wp\/v2\/tags?post=260606"}],"curies":[{"name":"wp","href":"https:\/\/api.w.org\/{rel}","templated":true}]}}