{"id":260678,"date":"2025-07-11T19:41:24","date_gmt":"2025-07-11T19:41:24","guid":{"rendered":"https:\/\/www.europesays.com\/de\/260678\/"},"modified":"2025-07-11T19:41:24","modified_gmt":"2025-07-11T19:41:24","slug":"viel-pomp-und-ein-fluechtlingsdeal","status":"publish","type":"post","link":"https:\/\/www.europesays.com\/de\/260678\/","title":{"rendered":"Viel Pomp und ein Fl\u00fcchtlingsdeal"},"content":{"rendered":"<p>    Die neue Achse Paris-London: Viel Pomp und ein Fl\u00fcchtlingsdeal<\/p>\n<p>    <a href=\"#main-content\" class=\"tspJbg\">zum Hauptinhalt<\/a><img decoding=\"async\" src=\"https:\/\/www.europesays.com\/de\/wp-content\/uploads\/2025\/07\/frankreichs-prasident-macron-in-london.jpeg\" alt=\"Der britische K\u00f6nig Charles III. und Frankreichs Pr\u00e4sident Emmanuel Macron im Gespr\u00e4ch w\u00e4hrend der Kutschenprozession zum Schloss Windsor.  \" loading=\"lazy\" class=\"tspA5jw\"\/><\/p>\n<p class=\"tspAPh6 tspAPh7\"> \u00a9 dpa\/Andrew Matthews <\/p>\n<p class=\"tspAMht tspAs\">Der Staatsbesuch des franz\u00f6sischen Pr\u00e4sidenten Macron in Gro\u00dfbritannien hat nicht nur Bilder geliefert. Die neue Entente der beiden Atomm\u00e4chte n\u00fctzt Europa.<\/p>\n<p><img decoding=\"async\" src=\"https:\/\/www.europesays.com\/de\/wp-content\/uploads\/2025\/07\/andrea-nusse.jpeg\"   alt=\"Andrea N\u00fcsse\" width=\"80\" height=\"80\" loading=\"lazy\"\/><\/p>\n<dl class=\"tspAx debug-piano\">\n<p><dt>showPaywall:<\/dt>\n<dd>true<\/dd>\n<\/p>\n<p><dt>isSubscriber:<\/dt>\n<dd>false<\/dd>\n<\/p>\n<p><dt>isPaid:<\/dt>\n<dd>true<\/dd>\n<\/p>\n<\/dl>\n<p id=\"message-target-blank\" hidden=\"hidden\">\u00f6ffnet in neuem Tab oder Fenster<\/p>\n<p>\n\t\t\tconsole.debug({ userId: &#8222;&#8220;, verifiedBot: &#8222;false&#8220;, botCategory: &#8222;&#8220; })\n\t\t<\/p>\n","protected":false},"excerpt":{"rendered":"Die neue Achse Paris-London: Viel Pomp und ein Fl\u00fcchtlingsdeal zum Hauptinhalt \u00a9 dpa\/Andrew Matthews Der Staatsbesuch des franz\u00f6sischen&hellip;\n","protected":false},"author":2,"featured_media":260679,"comment_status":"","ping_status":"","sticky":false,"template":"","format":"standard","meta":{"footnotes":""},"categories":[3974],"tags":[331,332,662,13935,51112,106,1356,548,663,3934,3980,156,551,13,5554,14,15,12,317,306],"class_list":{"0":"post-260678","1":"post","2":"type-post","3":"status-publish","4":"format-standard","5":"has-post-thumbnail","7":"category-frankreich","8":"tag-aktuelle-nachrichten","9":"tag-aktuelle-news","10":"tag-atomwaffen","11":"tag-brexit","12":"tag-brigitte-macron","13":"tag-donald-trump","14":"tag-emmanuel-macron","15":"tag-eu","16":"tag-europa","17":"tag-europe","18":"tag-france","19":"tag-frankreich","20":"tag-grossbritannien","21":"tag-headlines","22":"tag-keir-starmer","23":"tag-nachrichten","24":"tag-news","25":"tag-schlagzeilen","26":"tag-ukraine","27":"tag-wladimir-putin"},"share_on_mastodon":{"url":"https:\/\/pubeurope.com\/@de\/114836306966224621","error":""},"_links":{"self":[{"href":"https:\/\/www.europesays.com\/de\/wp-json\/wp\/v2\/posts\/260678","targetHints":{"allow":["GET"]}}],"collection":[{"href":"https:\/\/www.europesays.com\/de\/wp-json\/wp\/v2\/posts"}],"about":[{"href":"https:\/\/www.europesays.com\/de\/wp-json\/wp\/v2\/types\/post"}],"author":[{"embeddable":true,"href":"https:\/\/www.europesays.com\/de\/wp-json\/wp\/v2\/users\/2"}],"replies":[{"embeddable":true,"href":"https:\/\/www.europesays.com\/de\/wp-json\/wp\/v2\/comments?post=260678"}],"version-history":[{"count":0,"href":"https:\/\/www.europesays.com\/de\/wp-json\/wp\/v2\/posts\/260678\/revisions"}],"wp:featuredmedia":[{"embeddable":true,"href":"https:\/\/www.europesays.com\/de\/wp-json\/wp\/v2\/media\/260679"}],"wp:attachment":[{"href":"https:\/\/www.europesays.com\/de\/wp-json\/wp\/v2\/media?parent=260678"}],"wp:term":[{"taxonomy":"category","embeddable":true,"href":"https:\/\/www.europesays.com\/de\/wp-json\/wp\/v2\/categories?post=260678"},{"taxonomy":"post_tag","embeddable":true,"href":"https:\/\/www.europesays.com\/de\/wp-json\/wp\/v2\/tags?post=260678"}],"curies":[{"name":"wp","href":"https:\/\/api.w.org\/{rel}","templated":true}]}}