{"id":260881,"date":"2025-07-11T21:33:13","date_gmt":"2025-07-11T21:33:13","guid":{"rendered":"https:\/\/www.europesays.com\/de\/260881\/"},"modified":"2025-07-11T21:33:13","modified_gmt":"2025-07-11T21:33:13","slug":"afd-verdoppelt-laut-umfrage-stimmanteil-miese-stimmung-in-stadt","status":"publish","type":"post","link":"https:\/\/www.europesays.com\/de\/260881\/","title":{"rendered":"AfD verdoppelt laut Umfrage Stimmanteil \u2013 miese Stimmung in Stadt"},"content":{"rendered":"<p>Gro\u00dfe Unzufriedenheit in K\u00f6ln <\/p>\n<p>Umfrage: AfD verdoppelt Stimmanteil<\/p>\n<p>11.07.2025 &#8211; 23:23 UhrLesedauer: 2 Min.<\/p>\n<p><a href=\"#focus-0\" class=\"transition-colors duration-200 focus-within:text-magenta block text-current relative\" data-sctrack=\"FocusGalleryImage.Reference\"><img fetchpriority=\"high\" data-testid=\"Opener.Image\" style=\"--lqipURL:url('https:\/\/images.t-online.de\/2025\/07\/mGabLUtO1t4A\/0x0:4000x2250\/fit-in\/150x0\/filters:blur(25)\/koelner-dom-illuminiert-am-abend-hohenzollernbruecke-eisenbahnbruecke-ueber-den-rhein-stadtansicht-von-koeln-nordrhein-westfalen-deutschland-europa-cologne-cathedral-illuminated-in-the-evening-hohenzollern-bridge-railway-bridge-over-the-rhine-city-view-of-cologne-north-rhine-westphalia-germany-europe-copyright-imagebroker-arnulfxhettrich-iblarh13715833-jpg.jpg')\"   loading=\"eager\" src=\"https:\/\/www.europesays.com\/de\/wp-content\/uploads\/2025\/07\/koelner-dom-illuminiert-am-abend-hohenzollernbruecke-eisenbahnbruecke-ueber-den-rhein-stadtansicht-v.jpeg\" alt=\"imago images 0823833323\" title=\"imago images 0823833323\" width=\"4000\" height=\"2250\" class=\"bg-[url:var(--lqipURL)] bg-cover bg-center flex h-full w-full max-w-full\" decoding=\"async\"\/><img style=\"--width:32;--height:32\" loading=\"lazy\" src=\"https:\/\/www.t-online.de\/s\/paper\/_next\/static\/media\/zoom-in.f7dae02f.svg\" alt=\"Vergr\u00f6\u00dfern des Bildes\" title=\"Vergr\u00f6\u00dfern des Bildes\" class=\"block h-[calc(var(--height)_\/_16_*_1rem)] w-[calc(var(--width)_\/_16_*_1rem)] max-w-none absolute bottom-8 right-8 rounded-4 bg-snow p-8\" decoding=\"async\"\/><\/a><\/p>\n<p>Blick auf den K\u00f6lner Dom am Abend (Symbolfoto) (Quelle: IMAGO\/imageBROKER\/Arnulf Hettrich\/imago)<\/p>\n<p class=\"font-bold text-18 leading-17\">Fast zwei von drei K\u00f6lnern sagen, dass in der Stadt nichts besser geworden ist in den letzten Jahren. Hat die schlechte Stimmung Folgen f\u00fcr die Kommunalwahl?<\/p>\n<p class=\"text-18 leading-17\">Zwei Monate vor der Kommunalwahl am 14. September zeigt sich in <a class=\"transition-colors duration-200 cursor-pointer text-inherit no-underline text-salemsfur md:hover:text-magenta md:hover:border-magenta md:focus:text-magenta border-current border-b border-solid break-words\" href=\"https:\/\/www.t-online.de\/region\/koeln\/\" data-sctrack=\"BodyAnchor\" rel=\"nofollow noopener\" target=\"_blank\">K\u00f6ln<\/a> ein schlechtes Stimmungsbild in der Stadt: 78 Prozent der Befragten sehen die Domstadt im Niedergang \u2013 ein Umstand, von dem wohl auch die <a class=\"transition-colors duration-200 cursor-pointer text-inherit no-underline text-salemsfur md:hover:text-magenta md:hover:border-magenta md:focus:text-magenta border-current border-b border-solid break-words\" href=\"https:\/\/www.t-online.de\/themen\/alternative-fuer-deutschland\/\" data-sctrack=\"BodyAnchor\" rel=\"nofollow noopener\" target=\"_blank\">AfD<\/a> profitieren kann.<\/p>\n<p class=\"text-18 leading-17\">In der repr\u00e4sentativen Forsa-Umfrage im Auftrag von &#8222;K\u00f6lner Stadt-Anzeiger&#8220; und &#8222;K\u00f6lnischer Rundschau&#8220; kommt die AfD auf zehn Prozentpunkte \u2013 eine Verdopplung ihres letzten Kommunalwahlergebnisses am Rhein. Damit liegt die rechtspopulistische Partei aber weiter unter dem Umfragetrend in NRW, der die AfD landesweit bei etwa 15 Prozent sieht.<\/p>\n<p class=\"text-18 leading-17\">Die <a class=\"transition-colors duration-200 cursor-pointer text-inherit no-underline text-salemsfur md:hover:text-magenta md:hover:border-magenta md:focus:text-magenta border-current border-b border-solid break-words\" href=\"https:\/\/www.t-online.de\/themen\/umfragen\/\" data-sctrack=\"BodyAnchor\" rel=\"nofollow noopener\" target=\"_blank\">Umfrage<\/a> der Zeitungen dokumentiert eine gro\u00dfe Unzufriedenheit unter den K\u00f6lnern: 64 Prozent von ihnen sagen demnach auch, dass in den vergangenen Jahren nichts besser geworden sei. Jeder Siebte gibt an, &#8222;leider nicht mehr viel&#8220; oder &#8222;nichts&#8220; an seiner Stadt zu sch\u00e4tzen.<\/p>\n<p class=\"text-18 leading-17\">Die etablierten Parteien verlieren deutlich an Zuspruch. W\u00e4hrend die Gr\u00fcnen trotz Verlusten mit 24 Prozent st\u00e4rkste Kraft bleiben, b\u00fc\u00dfen auch <a class=\"transition-colors duration-200 cursor-pointer text-inherit no-underline text-salemsfur md:hover:text-magenta md:hover:border-magenta md:focus:text-magenta border-current border-b border-solid break-words\" href=\"https:\/\/www.t-online.de\/themen\/cdu\/\" data-sctrack=\"BodyAnchor\" rel=\"nofollow noopener\" target=\"_blank\">CDU<\/a> (20 Prozent) und <a class=\"transition-colors duration-200 cursor-pointer text-inherit no-underline text-salemsfur md:hover:text-magenta md:hover:border-magenta md:focus:text-magenta border-current border-b border-solid break-words\" href=\"https:\/\/www.t-online.de\/themen\/spd\/\" data-sctrack=\"BodyAnchor\" rel=\"nofollow noopener\" target=\"_blank\">SPD<\/a> (18 Prozent) Stimmen ein. Profiteur der Unzufriedenheit ist neben der AfD auch die Linkspartei, die auf 11 Prozent zulegt.<\/p>\n<p class=\"text-18 leading-17\">Forsa-Chef Manfred G\u00fcllner warnt laut den Zeitungen vor &#8222;fatalen Folgen&#8220; der &#8222;extremen Unzufriedenheit&#8220;. Als Hauptprobleme identifizieren laut der Umfrage die K\u00f6lner die Verkehrssituation, den Wohnungsmarkt und die Verm\u00fcllung der Stadt. Besonders massiv ist die Kritik am Zustand der Schulen und der Stadtverwaltung.<\/p>\n<p class=\"text-18 leading-17\">Bemerkenswert: Den h\u00f6chsten Bekanntheitsgrad (36 Prozent) hat der Satiriker und Kriminalbiologe Mark Benecke von der &#8222;Partei&#8220;. Reker selbst erh\u00e4lt ein schlechtes Zeugnis: 69 Prozent sind mit ihrer Arbeit weniger bis gar nicht zufrieden \u2013 eine Umkehrung der Verh\u00e4ltnisse von 2017.<\/p>\n<p class=\"text-18 leading-17\">Inzwischen sagt jeder F\u00fcnfte in K\u00f6ln, er w\u00fcrde lieber woanders wohnen. Vor acht Jahren lag dieser Anteil noch bei 14 Prozent. Trotz allem geben 81 Prozent an, gern in K\u00f6ln zu wohnen \u2013 was laut G\u00fcllner eine nach wie vor vorhandene Verbundenheit zeigt.<\/p>\n<p class=\"text-18 leading-17\">Wahlumfragen sind generell immer mit Unsicherheiten behaftet. Unter anderem erschweren nachlassende Parteibindungen und immer kurzfristigere Wahlentscheidungen den Meinungsforschungsinstituten die Gewichtung der erhobenen Daten. Grunds\u00e4tzlich spiegeln Umfragen nur das Meinungsbild zum Zeitpunkt der Befragung wider und sind keine Prognosen auf den Wahlausgang.<\/p>\n","protected":false},"excerpt":{"rendered":"Gro\u00dfe Unzufriedenheit in K\u00f6ln Umfrage: AfD verdoppelt Stimmanteil 11.07.2025 &#8211; 23:23 UhrLesedauer: 2 Min. Blick auf den K\u00f6lner&hellip;\n","protected":false},"author":2,"featured_media":260882,"comment_status":"","ping_status":"","sticky":false,"template":"","format":"standard","meta":{"footnotes":""},"categories":[1828],"tags":[3176,186,31,29,27533,30,2659,1420,2029,10917,79222,1209,5206,184,79221,4649,61051],"class_list":{"0":"post-260881","1":"post","2":"type-post","3":"status-publish","4":"format-standard","5":"has-post-thumbnail","7":"category-koeln","8":"tag-3176","9":"tag-afd","10":"tag-cdu","11":"tag-deutschland","12":"tag-forsa","13":"tag-germany","14":"tag-henriette-reker","15":"tag-koeln","16":"tag-koelner-dom","17":"tag-kommunalwahl","18":"tag-manfred-guellner","19":"tag-nordrhein-westfalen","20":"tag-rhein","21":"tag-spd","22":"tag-stimmanteil","23":"tag-umfrage","24":"tag-unzufriedenheit"},"share_on_mastodon":{"url":"https:\/\/pubeurope.com\/@de\/114836747520843057","error":""},"_links":{"self":[{"href":"https:\/\/www.europesays.com\/de\/wp-json\/wp\/v2\/posts\/260881","targetHints":{"allow":["GET"]}}],"collection":[{"href":"https:\/\/www.europesays.com\/de\/wp-json\/wp\/v2\/posts"}],"about":[{"href":"https:\/\/www.europesays.com\/de\/wp-json\/wp\/v2\/types\/post"}],"author":[{"embeddable":true,"href":"https:\/\/www.europesays.com\/de\/wp-json\/wp\/v2\/users\/2"}],"replies":[{"embeddable":true,"href":"https:\/\/www.europesays.com\/de\/wp-json\/wp\/v2\/comments?post=260881"}],"version-history":[{"count":0,"href":"https:\/\/www.europesays.com\/de\/wp-json\/wp\/v2\/posts\/260881\/revisions"}],"wp:featuredmedia":[{"embeddable":true,"href":"https:\/\/www.europesays.com\/de\/wp-json\/wp\/v2\/media\/260882"}],"wp:attachment":[{"href":"https:\/\/www.europesays.com\/de\/wp-json\/wp\/v2\/media?parent=260881"}],"wp:term":[{"taxonomy":"category","embeddable":true,"href":"https:\/\/www.europesays.com\/de\/wp-json\/wp\/v2\/categories?post=260881"},{"taxonomy":"post_tag","embeddable":true,"href":"https:\/\/www.europesays.com\/de\/wp-json\/wp\/v2\/tags?post=260881"}],"curies":[{"name":"wp","href":"https:\/\/api.w.org\/{rel}","templated":true}]}}