{"id":260921,"date":"2025-07-11T21:57:16","date_gmt":"2025-07-11T21:57:16","guid":{"rendered":"https:\/\/www.europesays.com\/de\/260921\/"},"modified":"2025-07-11T21:57:16","modified_gmt":"2025-07-11T21:57:16","slug":"satiriker-el-hotzo-muss-wegen-trump-posts-vor-gericht","status":"publish","type":"post","link":"https:\/\/www.europesays.com\/de\/260921\/","title":{"rendered":"Satiriker \u201eEl Hotzo\u201c muss wegen Trump-Posts vor Gericht"},"content":{"rendered":"<p class=\"is-first-paragraph\" data-external=\"Article.FirstParagraph\">Comedy-Autor und Satiriker Sebastian Hotz alias \u201eEl Hotzo\u201c kommt wegen \u00c4u\u00dferungen zum Attentat auf US-Pr\u00e4sident Donald Trump vor Gericht. Die Berliner Staatsanwaltschaft wirft ihm Belohnung und Billigung von Straftaten vor. Am 23. Juli soll vor dem Amtsgericht Tiergarten der Prozess gegen ihn beginnen, wie eine Gerichtssprecherin auf Anfrage mitteilte. <\/p>\n<p>Zuvor hatte die \u201e<a class=\"is-link c-block-items__link is-external c-link--rich-text-renderer\" href=\"https:\/\/www.sueddeutsche.de\/medien\/el-hotzo-donald-trump-attentat-tweet-prozess-anklage-amtsgericht-berlin-li.3283293\" title=\"(Link wird in einem neuen Tab ge\u00f6ffnet)\" rel=\"nofollow noopener\" data-internal-tracking-enabled=\"true\" data-internal-tracking=\"{&quot;action&quot;:&quot;click&quot;,&quot;label&quot;:&quot;link&quot;,&quot;name&quot;:&quot;Inline Element&quot;,&quot;data&quot;:{&quot;source&quot;:&quot;&quot;,&quot;target&quot;:&quot;https:\/\/www.sueddeutsche.de\/medien\/el-hotzo-donald-trump-attentat-tweet-prozess-anklage-amtsgericht-berlin-li.3283293&quot;,&quot;trackingName&quot;:&quot;&quot;,&quot;trackingLabel&quot;:&quot;&quot;}}\" target=\"_blank\">S\u00fcddeutsche Zeitung<\/a>\u201c berichtet, nachdem das Management auf den Prozesstermin aufmerksam gemacht hatte. Nach Angaben des Gerichts ist bislang ein Verhandlungstag geplant. <\/p>\n<p>Hotz war damit im Juli vergangenen Jahres in die Schlagzeilen geraten. Im Netz kursierten damals Screenshots von Posts des Comedians auf der Plattform X vom Wochenende nach dem Attentat auf den sp\u00e4teren US-Pr\u00e4sidenten Trump, in denen er einen Bezug zwischen einem letzten Bus und Trump (\u201eleider knapp verpasst\u201c) herstellte. Zum anderen hie\u00df es: \u201eIch finde es absolut fantastisch wenn Faschisten sterben\u201c. Die Eintr\u00e4ge wurden sp\u00e4ter gel\u00f6scht.<\/p>\n<p>Der ARD-Sender Rundfunk Berlin-Brandenburg (RBB) beendete daraufhin die Zusammenarbeit mit Hotz beim Jugendsender Fritz. Kurz danach sagte auch ARD Kultur eine Literaturveranstaltung mit ihm ab.<\/p>\n","protected":false},"excerpt":{"rendered":"Comedy-Autor und Satiriker Sebastian Hotz alias \u201eEl Hotzo\u201c kommt wegen \u00c4u\u00dferungen zum Attentat auf US-Pr\u00e4sident Donald Trump vor&hellip;\n","protected":false},"author":2,"featured_media":260922,"comment_status":"","ping_status":"","sticky":false,"template":"","format":"standard","meta":{"footnotes":""},"categories":[2],"tags":[29,114,30,13,14,15,110,79233,12,5559,10,8,9,11,113],"class_list":{"0":"post-260921","1":"post","2":"type-post","3":"status-publish","4":"format-standard","5":"has-post-thumbnail","7":"category-deutschland","8":"tag-deutschland","9":"tag-donald-geb-1946","10":"tag-germany","11":"tag-headlines","12":"tag-nachrichten","13":"tag-news","14":"tag-newsteam","15":"tag-satire-ks","16":"tag-schlagzeilen","17":"tag-strafverfahren","18":"tag-top-news","19":"tag-top-meldungen","20":"tag-topmeldungen","21":"tag-topnews","22":"tag-trump"},"share_on_mastodon":{"url":"https:\/\/pubeurope.com\/@de\/114836841531205333","error":""},"_links":{"self":[{"href":"https:\/\/www.europesays.com\/de\/wp-json\/wp\/v2\/posts\/260921","targetHints":{"allow":["GET"]}}],"collection":[{"href":"https:\/\/www.europesays.com\/de\/wp-json\/wp\/v2\/posts"}],"about":[{"href":"https:\/\/www.europesays.com\/de\/wp-json\/wp\/v2\/types\/post"}],"author":[{"embeddable":true,"href":"https:\/\/www.europesays.com\/de\/wp-json\/wp\/v2\/users\/2"}],"replies":[{"embeddable":true,"href":"https:\/\/www.europesays.com\/de\/wp-json\/wp\/v2\/comments?post=260921"}],"version-history":[{"count":0,"href":"https:\/\/www.europesays.com\/de\/wp-json\/wp\/v2\/posts\/260921\/revisions"}],"wp:featuredmedia":[{"embeddable":true,"href":"https:\/\/www.europesays.com\/de\/wp-json\/wp\/v2\/media\/260922"}],"wp:attachment":[{"href":"https:\/\/www.europesays.com\/de\/wp-json\/wp\/v2\/media?parent=260921"}],"wp:term":[{"taxonomy":"category","embeddable":true,"href":"https:\/\/www.europesays.com\/de\/wp-json\/wp\/v2\/categories?post=260921"},{"taxonomy":"post_tag","embeddable":true,"href":"https:\/\/www.europesays.com\/de\/wp-json\/wp\/v2\/tags?post=260921"}],"curies":[{"name":"wp","href":"https:\/\/api.w.org\/{rel}","templated":true}]}}