{"id":260923,"date":"2025-07-11T21:59:16","date_gmt":"2025-07-11T21:59:16","guid":{"rendered":"https:\/\/www.europesays.com\/de\/260923\/"},"modified":"2025-07-11T21:59:16","modified_gmt":"2025-07-11T21:59:16","slug":"neues-projekt-in-koethen-uni-halle-startet-spezielles-projekt-in-koethen","status":"publish","type":"post","link":"https:\/\/www.europesays.com\/de\/260923\/","title":{"rendered":"Neues Projekt in K\u00f6then: Uni Halle startet spezielles Projekt in K\u00f6then"},"content":{"rendered":"<p class=\"fp-paragraph\"><strong>K\u00f6then\/MZ.<\/strong> &#8211;  Was k\u00f6nnte man tun, damit \u00e4ltere Menschen in ihren eigenen vier W\u00e4nden nicht zu viel allein sind  und vereinsamen? Es gibt Literatur dar\u00fcber, vereinzelt auch schon Studien. Aber die praktische Seite von Einsamkeit in der H\u00e4uslichkeit, wie sie sich auf den Alltag  auswirkt, die Betroffenen in ihrer Lebensqualit\u00e4t wom\u00f6glich beeintr\u00e4chtigt  und wie man sie bestenfalls mit technischer Unterst\u00fctzung eind\u00e4mmen k\u00f6nnte \u2013 dazu gibt es offenbar bisher wenig Material.<\/p>\n","protected":false},"excerpt":{"rendered":"K\u00f6then\/MZ. &#8211; Was k\u00f6nnte man tun, damit \u00e4ltere Menschen in ihren eigenen vier W\u00e4nden nicht zu viel allein&hellip;\n","protected":false},"author":2,"featured_media":260924,"comment_status":"","ping_status":"","sticky":false,"template":"","format":"standard","meta":{"footnotes":""},"categories":[1860],"tags":[3364,29,548,663,3934,30,4062,17332,13,14,15,17331,860,12],"class_list":{"0":"post-260923","1":"post","2":"type-post","3":"status-publish","4":"format-standard","5":"has-post-thumbnail","7":"category-halle-saale","8":"tag-de","9":"tag-deutschland","10":"tag-eu","11":"tag-europa","12":"tag-europe","13":"tag-germany","14":"tag-halle","15":"tag-halle-saale","16":"tag-headlines","17":"tag-nachrichten","18":"tag-news","19":"tag-saale","20":"tag-sachsen-anhalt","21":"tag-schlagzeilen"},"share_on_mastodon":{"url":"https:\/\/pubeurope.com\/@de\/114836849538137584","error":""},"_links":{"self":[{"href":"https:\/\/www.europesays.com\/de\/wp-json\/wp\/v2\/posts\/260923","targetHints":{"allow":["GET"]}}],"collection":[{"href":"https:\/\/www.europesays.com\/de\/wp-json\/wp\/v2\/posts"}],"about":[{"href":"https:\/\/www.europesays.com\/de\/wp-json\/wp\/v2\/types\/post"}],"author":[{"embeddable":true,"href":"https:\/\/www.europesays.com\/de\/wp-json\/wp\/v2\/users\/2"}],"replies":[{"embeddable":true,"href":"https:\/\/www.europesays.com\/de\/wp-json\/wp\/v2\/comments?post=260923"}],"version-history":[{"count":0,"href":"https:\/\/www.europesays.com\/de\/wp-json\/wp\/v2\/posts\/260923\/revisions"}],"wp:featuredmedia":[{"embeddable":true,"href":"https:\/\/www.europesays.com\/de\/wp-json\/wp\/v2\/media\/260924"}],"wp:attachment":[{"href":"https:\/\/www.europesays.com\/de\/wp-json\/wp\/v2\/media?parent=260923"}],"wp:term":[{"taxonomy":"category","embeddable":true,"href":"https:\/\/www.europesays.com\/de\/wp-json\/wp\/v2\/categories?post=260923"},{"taxonomy":"post_tag","embeddable":true,"href":"https:\/\/www.europesays.com\/de\/wp-json\/wp\/v2\/tags?post=260923"}],"curies":[{"name":"wp","href":"https:\/\/api.w.org\/{rel}","templated":true}]}}