{"id":260927,"date":"2025-07-11T22:01:31","date_gmt":"2025-07-11T22:01:31","guid":{"rendered":"https:\/\/www.europesays.com\/de\/260927\/"},"modified":"2025-07-11T22:01:31","modified_gmt":"2025-07-11T22:01:31","slug":"schleswig-holstein-aktuell-nachrichten-im-ueberblick-10","status":"publish","type":"post","link":"https:\/\/www.europesays.com\/de\/260927\/","title":{"rendered":"Schleswig-Holstein aktuell: Nachrichten im \u00dcberblick"},"content":{"rendered":"<p>        <img decoding=\"async\" src=\"https:\/\/www.europesays.com\/de\/wp-content\/uploads\/2025\/06\/nachrichtenkompakt126.webp\" alt=\"Grafik: Eine Sprechblase, in der die Kontur des Landes Schleswig-Holstein abgebildet ist.\" title=\"Grafik: Eine Sprechblase, in der die Kontur des Landes Schleswig-Holstein abgebildet ist. | NDR\" class=\"responsive\"\/><\/p>\n<p>\n            Stand: 11.07.2025 20:23 Uhr<\/p>\n<p class=\"preface\">Nachrichten aus Schleswig-Holstein vom 11. Juli 2025 &#8211; kompakt und aktuell im Newsblog von NDR SH: Lesen Sie hier im \u00dcberblick, was im Land passiert und noch wichtig wird.<\/p>\n<p class=\"\"><strong>Das Wichtigste in K\u00fcrze:<\/strong><\/p>\n<p>\n        11.07.2025 18:54 Uhr\n    <\/p>\n<p>    Innenminsterin S\u00fctterlin-Waack warnt vor &#8222;Wildwuchs&#8220; an Windkraftanlagen<\/p>\n<p class=\"\">\nDer Bundesrat hat am Freitag (11.7.) einer <a href=\"https:\/\/www.ndr.de\/nachrichten\/schleswig-holstein\/suetterlin-waack-warnt-vor-wildwuchs-bei-windkraftanlagen,shnews-164.html\" title=\"S\u00fctterlin-Waack warnt vor &quot;Wildwuchs&quot; bei Windkraftanlagen\" target=\"_blank\" rel=\"noopener\">geplanten \u00c4nderung des Bundesbaugesetzes zugestimmt<\/a>. Im Zusammenhang mit Windenergie betrifft dies die sogenannte &#8222;Gemeinde\u00f6ffnungsklausel&#8220;. Sie erlaubt es Kommunen k\u00fcnftig, mit Ausnahmen eigene Windenergiegebiete auszuweisen. Schleswig-Holsteins Innenministerin Sabine S\u00fctterlin-Waack (CDU) warnt dabei vor &#8222;Wildwuchs&#8220; an Windkraftanlagen im Land. Die Landesregierung werde nun pr\u00fcfen, welche Folgen die Neuregelung f\u00fcr Schleswig-Holstein hat. | NDR Schleswig-Holstein 11.07.2025 17:00 Uhr<\/p>\n<p>        <img decoding=\"async\" src=\"https:\/\/www.europesays.com\/de\/wp-content\/uploads\/2025\/07\/sylt1204.webp\" alt=\"Windr\u00e4der vor Sylt.\" title=\"Windr\u00e4der vor Sylt. | NDR, Gitte Alpen\" class=\"responsive\" loading=\"lazy\"\/><\/p>\n<p>Der Bundesrat hat einer \u00c4nderung des Bundesbaugesetzes zugestimmt: Kommunen d\u00fcrfen eigene Windenergiegebiete ausweisen.<\/p>\n<p>\n        11.07.2025 15:10 Uhr\n    <\/p>\n<p>    Diskussion um AfD-Mitglieder im \u00d6ffentlichen Dienst auch in SH<\/p>\n<p class=\"\">\nDie SPD in Schleswig-Holstein ist der Ansicht, dass AfD-Mitglieder nicht in den Staatsdienst geh\u00f6ren. Nachdem Rheinland-Pfalz AfD-Mitgliedern den Zugang zum \u00f6ffentlichen Dienst verwehren will, fordert die SPD-Landtagsfraktion in SH Gleiches f\u00fcr den Norden. Schleswig-Holsteins Innenministerium will generell die Verfassungstreue pr\u00fcfen. Der Gesetzentwurf werde noch vor der Sommerpause in das vorgezogene Beteiligungsverfahren mit den Spitzenorganisationen der Gewerkschaften gehen, hie\u00df es. Innenministerin Sabine S\u00fctterlin-Waack (CDU) machte am Freitag in Kiel deutlich: &#8222;Von Landesbeamtinnen und Landesbeamten wird ein klares Bekenntnis zur freiheitlich demokratischen Grundordnung verlangt.&#8220; | NDR Schleswig-Holstein 11.07.2025 16:00 Uhr<\/p>\n<p>        <img decoding=\"async\" src=\"https:\/\/www.europesays.com\/de\/wp-content\/uploads\/2025\/07\/polizei7532.webp\" alt=\"Bundespolizeianw\u00e4rter bei einem Antritt\" title=\"Bundespolizeianw\u00e4rter bei einem Antritt | NDR, Tobias Gellert\" class=\"responsive\" loading=\"lazy\"\/><\/p>\n<p>Die SPD ist der Meinung, dass AfD-Mitglieder nichts im Staatsdienst verloren haben. Schleswig-Holsteins Innenministerium will generell die Verfassungstreue pr\u00fcfen.<\/p>\n<p>\n        11.07.2025 15:06 Uhr\n    <\/p>\n<p>    Timmendorfer Strand laut Google beliebtester Strand Europas<\/p>\n<p class=\"\">\nTimmendorfer Strand im <a href=\"https:\/\/www.ndr.de\/nachrichten\/schleswig-holstein\/Ostholstein-Aktuelle-Nachrichten-und-Videos,ostholstein126.html\" title=\"Ostholstein - Aktuelle Nachrichten und Videos\" target=\"_blank\" rel=\"noopener\">Kreis Ostholstein<\/a> ist der meistgesuchte Strand Europas &#8211; zumindest \u00fcber die Suchmaschine Google. Das hat das Magazin &#8222;Beyond-Surfing&#8220; jetzt erhoben und dabei mehr als 1.200 Str\u00e4nde miteinander verglichen. Insgesamt z\u00e4hlte das Magazin in den vergangenen zw\u00f6lf Monaten 246.000 Suchanfragen nach Timmendorfer Strand. Auch Fehmarn (Kreis Ostholstein) ist vorne dabei: Der S\u00fcdstrand auf der Insel schaffte es auf Platz 11 mit rund 22.000 Suchanfragen. | NDR Schleswig-Holstein 11.07.2025 15:00 Uhr<\/p>\n<p>\n        11.07.2025 14:01 Uhr\n    <\/p>\n<p>    Autofahrer prallt gegen eine Hauswand in Rendsburg<\/p>\n<p>                    <a href=\"https:\/\/www.europesays.com\/de\/wp-content\/uploads\/2025\/07\/unfall-210.webp\" class=\"zoomimage\" title=\"Bild vergr\u00f6\u00dfern\"><\/p>\n<p>        <img decoding=\"async\" src=\"https:\/\/www.europesays.com\/de\/wp-content\/uploads\/2025\/07\/unfall-210.webp\" alt=\"Ein Auto steht nach einem Unfall in der Wand eines Hauses.\" title=\"Der Unfallfahrer wurde verletzt und musste in ein Krankenhaus gebracht werden. | Polizeidirektion Neum\u00fcnster\" class=\"responsive\" loading=\"lazy\"\/><\/p>\n<p>                    <\/a><\/p>\n<p>                    Der Unfallfahrer wurde verletzt und musste in ein Krankenhaus gebracht werden.<\/p>\n<p class=\"\">\nIn Rendsburg (<a href=\"https:\/\/www.ndr.de\/nachrichten\/schleswig-holstein\/Kreis-Rendsburg-Eckernfoerde-Aktuelle-Nachrichten-und-Videos,rendsburgeckernfoerde118.html\" title=\"Kreis Rendsburg-Eckernf\u00f6rde - Aktuelle Nachrichten und Videos\" target=\"_blank\" rel=\"noopener\">Kreis Rendsburg-Eckernf\u00f6rde<\/a>) ist ein <a href=\"https:\/\/www.ndr.de\/nachrichten\/schleswig-holstein\/81-jaehriger-kracht-in-haus-hoher-schaden-in-rendsburg,regionkielnews-254.html\" title=\"81-J\u00e4hriger kracht in Haus: Hoher Schaden in Rendsburg\" target=\"_blank\" rel=\"noopener\">81-J\u00e4hriger mit seinem Auto in eine Hauswand gefahren<\/a>. Laut Polizei war der Mann am Donnerstag (10.7.) auf dem Rotenh\u00f6fer Weg unterwegs gewesen, als er aus noch ungekl\u00e4rter Ursache die Kontrolle \u00fcber seinen Wagen verlor. Er prallte zuerst gegen ein geparktes Auto und dann in eine Hauswand. Der Mann wurde verletzt in ein Krankenhaus gebracht. Das Haus ist schwer besch\u00e4digt, aber laut Statiker zum Teil noch bewohnbar. Die Wagen haben einen Totalschaden &#8211; die Schadenssumme sch\u00e4tzt die Polizei auf insgesamt rund 200.000 Euro. | NDR Schleswig-Holstein 11.07.2025 13:00 Uhr<\/p>\n<p>\n        11.07.2025 12:56 Uhr\n    <\/p>\n<p>    FDP fordert hauptamtliche Wehrf\u00fchrer in SH<\/p>\n<p class=\"\">\nDie FDP in Schleswig-Holstein will, dass <a href=\"https:\/\/www.ndr.de\/nachrichten\/schleswig-holstein\/freiwillige-feuerwehr-in-sh-fdp-will-hauptamtliche-wehrfuehrungen,feuerwehr-262.html\" title=\"Freiwillige Feuerwehr in SH: FDP will hauptamtliche Wehrf\u00fchrungen\" target=\"_blank\" rel=\"noopener\">Wehrf\u00fchrerinnen und Wehrf\u00fchrer in den freiwilligen Feuerwehren nicht mehr ehrenamtlich sondern hauptamtlich<\/a> arbeiten, vor allem in gr\u00f6\u00dferen Kommunen. Einen entsprechenden Antrag hat die FDP f\u00fcr die kommende Landtagssitzung eingebracht. Die Begr\u00fcndung: Immer mehr und immer schwierigere Aufgaben \u00fcbersteigen aus Sicht der FDP den Rahmen dessen, was ehrenamtlich leistbar ist. Die Partei will deshalb, dass die Landesregierung zusammen mit Landesfeuerwehrverband und Kommunen ein Konzept erarbeitet. Dabei solle das Land auf eine angemessene Besoldung und die fachliche Qualifikation achten. | NDR Schleswig-Holstein 11.07.2025 13:00 Uhr<\/p>\n<p>        <img decoding=\"async\" src=\"https:\/\/www.europesays.com\/de\/wp-content\/uploads\/2025\/07\/feuerwehr3044.webp\" alt=\"Ein Rettungswagen der Feuerwehr.\" title=\"Ein Rettungswagen der Feuerwehr. | panthermedia, Bernd Leitner\" class=\"responsive\" loading=\"lazy\"\/><\/p>\n<p>Weil Aufgaben und B\u00fcrokratie mehr werden, fordert die FDP ein Konzept von der Schleswig-Holsteinischen Landesregierung.<\/p>\n<p>\n        11.07.2025 10:23 Uhr\n    <\/p>\n<p>    Beschleunigter Windenergie-Ausbau an Land: SH will nicht zustimmen<\/p>\n<p class=\"\">\nDie Bundesregierung hat ein Gesetz zum beschleunigten Ausbau der Windenergie an Land erarbeitet und damit eine EU-Richtlinie umgesetzt. Doch Schleswig-Holstein will dem Gesetz am Freitag (11.7.) im Bundesrat nicht zustimmen. Denn die schwarz-gr\u00fcne Landesregierung bef\u00fcrchtet, dass es dem Windenergie-Ausbau an Land eher schaden als nutzen k\u00f6nnte. | NDR Schleswig-Holstein 11.07.2025 11:00 Uhr<\/p>\n<p>\n        11.07.2025 10:23 Uhr\n    <\/p>\n<p>    Stra\u00dfenmagazin Hempels wird 30 Jahre alt<\/p>\n<p class=\"\">\nDas schleswig-holsteinische Stra\u00dfenmagazin <a href=\"https:\/\/www.ndr.de\/nachrichten\/schleswig-holstein\/strassenmagazin-hempels-wird-30-jahre-alt-auflage-sinkt,hempels-100.html\" title=\"Stra\u00dfenmagazin &quot;Hempels&quot; wird 30 Jahre alt - Auflage sinkt\" target=\"_blank\" rel=\"noopener\">Hempels wird am Freitag (11.7.) 30 Jahre alt<\/a>. Das wird ab 14 Uhr in der <a href=\"https:\/\/www.ndr.de\/nachrichten\/schleswig-holstein\/Kiel-Aktuelle-Nachrichten-News-und-Videos,kiel7262.html\" title=\"Kiel - Aktuelle Nachrichten und Videos\" target=\"_blank\" rel=\"noopener\">Kieler<\/a> Nikolaikirche gefeiert. Die Idee entstand 1995 in Kiel. Seit 1996 k\u00f6nnen Obdachlose und Bed\u00fcrftige sich mit dem Verkauf der Hefte etwas dazuverdienen. Mittlerweile wurden so \u00fcber vier Millionen Exemplare verkauft. | NDR Schleswig-Holstein 11.07.2025 11:00 Uhr<\/p>\n<p>        <img decoding=\"async\" src=\"https:\/\/www.europesays.com\/de\/wp-content\/uploads\/2025\/07\/hempels-104.webp\" alt=\"Erstes Hempels-Magazin\" title=\"Erstes Hempels-Magazin | NDR\" class=\"responsive\" loading=\"lazy\"\/><\/p>\n<p>\u00dcber vier Millionen Hefte wurden seit Gr\u00fcndung verkauft. Doch Kosten und Medienwandel machen es &#8222;Hempels&#8220; nicht leicht.<\/p>\n<p>\n        11.07.2025 09:59 Uhr\n    <\/p>\n<p>    Post-Check: Viele Briefe kommen p\u00fcnktlich, andere sind verschollen<\/p>\n<p class=\"\">\nEin nicht repr\u00e4sentativer <a href=\"https:\/\/www.ndr.de\/nachrichten\/schleswig-holstein\/deutsche-post-check-wie-lange-sind-briefe-in-sh-tatsaechlich-unterwegs,post-258.html\" title=\"Post-Check: Wie lange sind Briefe in SH tats\u00e4chlich unterwegs?\" target=\"_blank\" rel=\"noopener\">Post-Check von NDR Schleswig-Holstein<\/a> hat ergeben, dass ein Gro\u00dfteil der versendeten Briefe p\u00fcnktlich ankam. Bei dem Post-Check wurden 120 Briefe an 24 Personen in alle Kreise geschickt. Allerdings war bei fast jedem vierten Adressaten mindestens ein Brief erst nach vier Tagen im Briefkasten. 2 der 120 versendeten Briefe sind noch verschollen, also bereits mehr als neun Werktage unterwegs. Das neue Postgesetz sieht seit dem 1. Januar vor, dass Briefe innerhalb von vier Werktagen zugestellt werden m\u00fcssen. | NDR Schleswig-Holstein 11.07.2025 10:00 Uhr<\/p>\n<p>        <img decoding=\"async\" src=\"https:\/\/www.europesays.com\/de\/wp-content\/uploads\/2025\/07\/post-260.webp\" alt=\"Ein Elektro-Zustellfahrrad der Deutschen Post.\" title=\"Ein Elektro-Zustellfahrrad der Deutschen Post. | IMAGO \/ Funke Foto Services\" class=\"responsive\" loading=\"lazy\"\/><\/p>\n<p>Viele Beschwerden \u00fcber versp\u00e4tete Post und leere Briefk\u00e4sten: Wir haben getestet, wie p\u00fcnktlich Briefe tats\u00e4chlich zugestellt werden.<\/p>\n<p>\n        11.07.2025 09:59 Uhr\n    <\/p>\n<p>    Entlaufene Wildkatze eingefangen &#8211; Serval jetzt im Tierheim<\/p>\n<p class=\"\">\nIn Reinbek (<a href=\"https:\/\/www.ndr.de\/nachrichten\/schleswig-holstein\/Stormarn-Aktuelle-Nachrichten-und-Videos,stormarn148.html\" title=\"Stormarn - Aktuelle Nachrichten und Videos\" target=\"_blank\" rel=\"noopener\">Kreis Stormarn<\/a>) ist der entlaufene Serval <a href=\"https:\/\/www.ndr.de\/nachrichten\/schleswig-holstein\/entlaufene-wildkatze-eingefangen-serval-jetzt-im-tierheim,servalkatze-104.html\" title=\"Entlaufene Wildkatze eingefangen - Serval jetzt im Tierheim\" target=\"_blank\" rel=\"noopener\">wieder eingefangen worden<\/a>. Laut Polizei wurde die Wildkatze am sp\u00e4ten Donnerstagabend (10.7.) auf einem Privatgrundst\u00fcck in der N\u00e4he der Grundschule Neusch\u00f6nningstedt entdeckt. Ein Anwohner hatte den entlaufenen Serval auf seinem Grundst\u00fcck entdeckt und den Notruf gew\u00e4hlt. Aufgrund der Beschreibung war schnell klar, dass es sich um das entlaufene Tier handelt. Ein herbeigerufener Tierarzt konnte den Kater kurz vor Mitternacht bet\u00e4uben. Er wurde in das Tierheim Reinbek gebracht. | NDR Schleswig-Holstein 11.07.2025 10:00 Uhr<\/p>\n<p>        <img decoding=\"async\" src=\"https:\/\/www.europesays.com\/de\/wp-content\/uploads\/2025\/07\/servalkatze-116.webp\" alt=\"Eine Servalkatze in einem K\u00e4fig.\" title=\"Eine Servalkatze in einem K\u00e4fig. | Karen Sch\u00f6nbrodt, Tierrechtsorganisation Einhorn e.V.\" class=\"responsive\" loading=\"lazy\"\/><\/p>\n<p>Laut Polizei ist der Serval in der Nacht auf Freitag (11.7.) entdeckt worden. Er wurde bet\u00e4ubt und kam ins Tierheim.<\/p>\n<p>\n        11.07.2025 09:59 Uhr\n    <\/p>\n<p>    Danevirke Museum erh\u00e4lt 670.000 Euro<\/p>\n<p class=\"\">\nDas noch im Bau befindliche Danevirke Museum darf sich \u00fcber eine gro\u00dfe finanzielle Zuwendung freuen: Das Bau-Projekt in Dannewerk (<a href=\"https:\/\/www.ndr.de\/nachrichten\/schleswig-holstein\/Kreis-Schleswig-Flensburg-Aktuelle-Nachrichten-und-Videos,schleswigflensburg118.html\" title=\"Kreis Schleswig-Flensburg - Aktuelle Nachrichten und Videos\" target=\"_blank\" rel=\"noopener\">Kreis Schleswig-Flensburg<\/a>) bekommt rund zus\u00e4tzliche 670.000 Euro. Zuvor hatte Flensborg Avis berichtet. Das Geld &#8211; insgesamt f\u00fcnf Millionen d\u00e4nische Kronen &#8211; kommt von der d\u00e4nischen Stiftung Augustinus Fonden. Museumsleiter Lars Erik Bethge will das Geld f\u00fcr eine Ausstellung nutzen: &#8222;Wir haben insgesamt 2,5 Millionen Euro zur Verf\u00fcgung, um in dem neuen Geb\u00e4ude, das hier gerade entsteht, eine ganz neue, spannende Ausstellung \u00fcber 1.500 Jahre Geschichte Danewerk zu machen.&#8220; | NDR Schleswig-Holstein 11.07.2025 09:30 Uhr<\/p>\n<p>\n        11.07.2025 09:59 Uhr\n    <\/p>\n<p>    Betr\u00fcger erbeuten 100.000 Euro von Seniorin in Bad Schwartau<\/p>\n<p class=\"\">\nEin Schockanruf in Bad Schwartau (<a href=\"https:\/\/www.ndr.de\/nachrichten\/schleswig-holstein\/Ostholstein-Aktuelle-Nachrichten-und-Videos,ostholstein126.html\" title=\"Ostholstein - Aktuelle Nachrichten und Videos\" target=\"_blank\" rel=\"noopener\">Kreis Ostholstein<\/a>) ist seitens der Betr\u00fcger gegl\u00fcckt. Die Polizei sucht jetzt nach Hinweisen. Nach Angaben der Beamten war <a href=\"https:\/\/www.ndr.de\/nachrichten\/schleswig-holstein\/schockanruf-in-bad-schwartau-betrueger-erbeuten-100000-euro,regionluebecknews-282.html\" title=\"Schockanruf in Bad Schwartau: Betr\u00fcger erbeuten 100.000 Euro\" target=\"_blank\" rel=\"noopener\">eine Seniorin am Telefon unter Druck gesetzt<\/a> worden. Die T\u00e4ter teilten ihr mit, dass ihr Sohn einen t\u00f6dlichen Verkehrsunfall verursacht habe und sie einen Geldwert hinterlegen m\u00fcsse. Daraufhin h\u00e4ndigte sie den Betr\u00fcgern Schmuck und Bargeld im Wert von \u00fcber 100.000 Euro aus. Der Vorfall passierte bereits am 11. April, so die Beamten. Jetzt bittet die Polizei um Mithilfe. Es sei eine Einzelanfertigung aus Feingold. Das Collier hat eine L\u00e4nge von etwa 43 Zentimetern und ist mit einem gro\u00dfen Opal versehen. Wer Hinweise hat, soll sich bei der Polizei Bad Schwartau melden. | NDR Schleswig-Holstein 11.07.2025 09:30 Uhr<\/p>\n<p>        <img decoding=\"async\" src=\"https:\/\/www.europesays.com\/de\/wp-content\/uploads\/2025\/07\/collier-100.webp\" alt=\"Collier mit Anh\u00e4nger\" title=\"Collier mit Anh\u00e4nger | Polizeidirektion L\u00fcbeck, privat\" class=\"responsive\" loading=\"lazy\"\/><\/p>\n<p>Eine Seniorin hat Betr\u00fcgern Schmuck und Bargeld ausgeh\u00e4ndigt. Nach einem Collier wird jetzt gesucht. Die Polizei bittet um Hinweise.<\/p>\n<p>\n        11.07.2025 07:42 Uhr\n    <\/p>\n<p>    Radfahrer bei Unfall in Sch\u00f6nwalde schwer verletzt<\/p>\n<p class=\"\">\nIn Sch\u00f6nwalde (<a href=\"https:\/\/www.ndr.de\/nachrichten\/schleswig-holstein\/Ostholstein-Aktuelle-Nachrichten-und-Videos,ostholstein126.html\" title=\"Ostholstein - Aktuelle Nachrichten und Videos\" target=\"_blank\" rel=\"noopener\">Kreis Ostholstein<\/a>) ist am Donnerstagnachmittag (10.7.) ein Radfahrer bei einem Unfall schwer verletzt worden. Nach Angaben der Polizei geschah der Unfall, als ein Autofahrer den 80 J\u00e4hrigen \u00fcberholte und mit seinem Au\u00dfenspiegel erfasste. Der Radfahrer st\u00fcrzte und erlitt lebensgef\u00e4hrliche Verletzungen. | NDR Schleswig-Holstein 11.07.2025 07:00 Uhr<\/p>\n<p>\n        11.07.2025 06:58 Uhr\n    <\/p>\n<p>    Bildungsausschuss zur Islamwoche an der CAU Kiel<\/p>\n<p class=\"\">\nAuf Antrag der FDP ist die Veranstaltung der Islamischen Hochschulgruppe der Christian-Albrechts-Universit\u00e4t zu <a href=\"https:\/\/www.ndr.de\/nachrichten\/schleswig-holstein\/Kiel-Aktuelle-Nachrichten-News-und-Videos,kiel7262.html\" title=\"Kiel - Aktuelle Nachrichten und Videos\" target=\"_blank\" rel=\"noopener\">Kiel<\/a> (CAU) am Donnerstag (10.7.) Thema im Bildungsausschuss des Landtags gewesen. Innenministerin Sabine S\u00fctterlin-Waack (CDU) best\u00e4tigte die Vorw\u00fcrfe, dass im Laufe der Islamischen Woche gegen Werte versto\u00dfen worden sei. Zudem sei ein Redner aufgetreten, der dem Salafismus nahe steht. Vetreterinnen der Universit\u00e4t sagten, man k\u00f6nne nicht alle Veranstaltungen auf dem Campus kontrollieren. Einige Ausschussmitglieder bem\u00e4ngelten fehlende Kommunikation seitens der CAU, insbesondere nach der Veranstaltung. | NDR Schleswig-Holstein 11.07.2025 07:00 Uhr<\/p>\n<p>        <img decoding=\"async\" src=\"https:\/\/www.europesays.com\/de\/wp-content\/uploads\/2025\/07\/islamwoche-104.webp\" alt=\"Islamwoche an der CAU.\" title=\"Islamwoche an der CAU. | NDR, Tobias Gellert\" class=\"responsive\" loading=\"lazy\"\/><\/p>\n<p>Bei der Veranstaltung soll unter anderem ein Salafistenredner\u00a0aufgetreten sein. Am Donnerstag hat sich der Bildungsausschuss damit befasst.<\/p>\n<p>\n        11.07.2025 06:55 Uhr\n    <\/p>\n<p>    NABU klagt gegen ver\u00e4nderte Jagdzeiten f\u00fcr G\u00e4nse<\/p>\n<p class=\"\">\nDer <a href=\"https:\/\/www.ndr.de\/nachrichten\/schleswig-holstein\/nabu-klagt-gegen-verlaengerte-jagdzeiten-fuer-wildgaense-in-sh,nabu-klage-100.html\" title=\"NABU klagt gegen verl\u00e4ngerte Jagdzeiten f\u00fcr Wildg\u00e4nse in SH \" target=\"_blank\" rel=\"noopener\">Naturschutzverbund (NABU) klagt gegen die verl\u00e4ngerten Jagdzeiten f\u00fcr Wildg\u00e4nse in Schleswig-Holstein.<\/a> Die Tiere d\u00fcrfen seit August 2024 auch w\u00e4hrend der Aufzucht ihrer Jungen geschossen werden. Das versto\u00dfe gegen EU-Recht, so der NABU. Staatssekret\u00e4rin Anne Benett-Sturies sagte dazu, man befinde sich im Rechtsrahmen &#8211; sowohl der Europ\u00e4ischen Richtlinie als auch der des Bundesnaturschutzgesetzes. Die Tiere richten in der Landwirtschaft immer wieder Fresssch\u00e4den an. Deshalb hatte <a href=\"https:\/\/www.ndr.de\/nachrichten\/schleswig-holstein\/Landwirtschaftsministerium-von-SH-laesst-mehr-Jagd-auf-Wildgaense-zu,wildgaense178.html\" title=\"Agrarministerium von SH l\u00e4sst mehr Jagd auf Wildg\u00e4nse zu\" target=\"_blank\" rel=\"noopener\">das Landwirtschaftsministerium die Jagdzeit im vergangenen Jahr verl\u00e4ngert<\/a>, um so Tierbest\u00e4nde zu reduzieren. Der Bauernverband teilte im Mai mit, dass sich der Bestand an Wildg\u00e4nsen trotz der neuen Regelung erh\u00f6ht habe. | NDR Schleswig-Holstein 11.07.2025 06:00 Uhr<\/p>\n<p>        <img decoding=\"async\" src=\"https:\/\/www.europesays.com\/de\/wp-content\/uploads\/2025\/07\/nonnengans-100.webp\" alt=\"Nonnengans Kuecken schwimmen mit Eltern.\" title=\"Nonnengans Kuecken schwimmen mit Eltern. | picture alliance | Philippe Ruiz\" class=\"responsive\" loading=\"lazy\"\/><\/p>\n<p>Seit August 2024 gilt die Verl\u00e4ngerung, um G\u00e4nsefra\u00df in der Landwirtschaft einzud\u00e4mmen. Der Beschluss erreiche aber das Gegenteil, finden die Natursch\u00fctzer.<\/p>\n<p>\n        11.07.2025 06:50 Uhr\n    <\/p>\n<p>    Das Wetter: Wechselnd bew\u00f6lkt aber trocken<\/p>\n<p class=\"\">\nFreitagfr\u00fch ist es stellenweise wolkig aber \u00fcberwiegend heiter und teils l\u00e4nger sonnig. Im Tagesverlauf kommen von der Ostsee her Wolkenfelder auf. Meist bleibt es aber trocken. Die H\u00f6chstwerte liegen bei 20 Grad in H\u00f6rnum auf <a href=\"https:\/\/www.ndr.de\/nachrichten\/schleswig-holstein\/Sylt-Aktuelle-News-und-Videos-von-der-Insel,sylt1522.html\" title=\"Sylt - Nachrichten und Videos von der Nordsee-Insel\" target=\"_blank\" rel=\"noopener\">Sylt<\/a> (<a href=\"https:\/\/www.ndr.de\/nachrichten\/schleswig-holstein\/Nordfriesland-Aktuelle-Nachrichten-und-Videos,nordfriesland174.html\" title=\"Nordfriesland - Aktuelle Nachrichten und Videos\" target=\"_blank\" rel=\"noopener\">Kreis Nordfriesland<\/a>), bei 22 Grad in B\u00fcsum (<a href=\"https:\/\/www.ndr.de\/nachrichten\/schleswig-holstein\/Dithmarschen-Aktuelle-Nachrichten-und-Videos,dithmarschen254.html\" title=\"Dithmarschen - Aktuelle Nachrichten und Videos\" target=\"_blank\" rel=\"noopener\">Kreis Dithmarschen<\/a>) und bei 25 Grad in <a href=\"https:\/\/www.ndr.de\/nachrichten\/schleswig-holstein\/Luebeck-Aktuelle-Nachrichten-und-Videos-,luebeck2802.html\" title=\"L\u00fcbeck - Aktuelle Nachrichten und Videos\" target=\"_blank\" rel=\"noopener\">L\u00fcbeck<\/a> und Schleswig (<a href=\"https:\/\/www.ndr.de\/nachrichten\/schleswig-holstein\/Kreis-Schleswig-Flensburg-Aktuelle-Nachrichten-und-Videos,schleswigflensburg118.html\" title=\"Kreis Schleswig-Flensburg - Aktuelle Nachrichten und Videos\" target=\"_blank\" rel=\"noopener\">Kreis Schleswig-Flensburg<\/a>). | NDR Schleswig-Holstein 11.07.2025 08:00 Uhr<\/p>\n<p>        <img decoding=\"async\" src=\"https:\/\/www.europesays.com\/de\/wp-content\/uploads\/2025\/07\/wetter-612.webp\" alt=\"NDR Moderator Sebastian Wache steht im Studio mit der Wettervorhersage.\" title=\"NDR Moderator Sebastian Wache steht im Studio mit der Wettervorhersage. | NDR\" class=\"responsive\" loading=\"lazy\"\/><\/p>\n<p>NDR Schleswig-Holstein Wetterexperte Sebastian Wache mit den Aussichten f\u00fcr den 12. Juli und die kommenden Tage.<\/p>\n<p>        <img decoding=\"async\" src=\"https:\/\/www.europesays.com\/de\/wp-content\/uploads\/2025\/06\/podcastlogo104.webp\" alt=\"Ein Mikrofon vor zwei Menschen.\" title=\"Ein Mikrofon vor zwei Menschen. | NDR, Janis R\u00f6hlig\" class=\"responsive\" loading=\"lazy\"\/><\/p>\n<p>Alles, was f\u00fcr Schleswig-Holstein wichtig ist: Im Nachrichten-Podcast von NDR 1 Welle Nord h\u00f6ren Sie das Neueste aus Schleswig-Holstein, Deutschland und der Welt.<\/p>\n","protected":false},"excerpt":{"rendered":"Stand: 11.07.2025 20:23 Uhr Nachrichten aus Schleswig-Holstein vom 11. Juli 2025 &#8211; kompakt und aktuell im Newsblog von&hellip;\n","protected":false},"author":2,"featured_media":203443,"comment_status":"","ping_status":"","sticky":false,"template":"","format":"standard","meta":{"footnotes":""},"categories":[1852],"tags":[590,3364,29,548,663,3934,30,13,4949,17462,14,15,12,1971,17461,1973],"class_list":{"0":"post-260927","1":"post","2":"type-post","3":"status-publish","4":"format-standard","5":"has-post-thumbnail","7":"category-kiel","8":"tag-aktuell","9":"tag-de","10":"tag-deutschland","11":"tag-eu","12":"tag-europa","13":"tag-europe","14":"tag-germany","15":"tag-headlines","16":"tag-kiel","17":"tag-kompakt","18":"tag-nachrichten","19":"tag-news","20":"tag-schlagzeilen","21":"tag-schleswig-holstein","22":"tag-ueberblick","23":"tag-wetter"},"share_on_mastodon":{"url":"https:\/\/pubeurope.com\/@de\/114836857897427473","error":""},"_links":{"self":[{"href":"https:\/\/www.europesays.com\/de\/wp-json\/wp\/v2\/posts\/260927","targetHints":{"allow":["GET"]}}],"collection":[{"href":"https:\/\/www.europesays.com\/de\/wp-json\/wp\/v2\/posts"}],"about":[{"href":"https:\/\/www.europesays.com\/de\/wp-json\/wp\/v2\/types\/post"}],"author":[{"embeddable":true,"href":"https:\/\/www.europesays.com\/de\/wp-json\/wp\/v2\/users\/2"}],"replies":[{"embeddable":true,"href":"https:\/\/www.europesays.com\/de\/wp-json\/wp\/v2\/comments?post=260927"}],"version-history":[{"count":0,"href":"https:\/\/www.europesays.com\/de\/wp-json\/wp\/v2\/posts\/260927\/revisions"}],"wp:featuredmedia":[{"embeddable":true,"href":"https:\/\/www.europesays.com\/de\/wp-json\/wp\/v2\/media\/203443"}],"wp:attachment":[{"href":"https:\/\/www.europesays.com\/de\/wp-json\/wp\/v2\/media?parent=260927"}],"wp:term":[{"taxonomy":"category","embeddable":true,"href":"https:\/\/www.europesays.com\/de\/wp-json\/wp\/v2\/categories?post=260927"},{"taxonomy":"post_tag","embeddable":true,"href":"https:\/\/www.europesays.com\/de\/wp-json\/wp\/v2\/tags?post=260927"}],"curies":[{"name":"wp","href":"https:\/\/api.w.org\/{rel}","templated":true}]}}