{"id":260931,"date":"2025-07-11T22:04:13","date_gmt":"2025-07-11T22:04:13","guid":{"rendered":"https:\/\/www.europesays.com\/de\/260931\/"},"modified":"2025-07-11T22:04:13","modified_gmt":"2025-07-11T22:04:13","slug":"auto-landet-bei-unfall-in-viersen-auf-dem-dach","status":"publish","type":"post","link":"https:\/\/www.europesays.com\/de\/260931\/","title":{"rendered":"Auto landet bei Unfall in Viersen auf dem Dach"},"content":{"rendered":"<p class=\"text_ohne_einzug richtext text-em-55 !leading-serif mx-6 desktop:mx-0\">Bei einem Unfall auf der S\u00fcchtelner Stra\u00dfe in Richtung Freiheitsstra\u00dfe ist ein Auto in zwei parkende Fahrzeuge gefahren und anschlie\u00dfend auf dem Dach liegend zum Stillstand gekommen. Die geparkten Autos wurden bei Unfall teilweise erheblich besch\u00e4digt. Die S\u00fcchtelner Stra\u00dfe musste gesperrt werden. Aufgrund der Lage des Unfallwagens war auch kein Durchkommen m\u00f6glich. Nach ersten Informationen der <a href=\"https:\/\/rp-online.de\/thema\/polizei\/\" rel=\"nofollow noopener\" target=\"_blank\">Polizei<\/a> wurde der Unfallfahrer verletzt und in ein Krankenhaus gebracht. Laut Polizei wurde der Fahrer aber nicht schwer verletzt. Wie es zu dem Unfall kommen konnte, ist bisher noch unklar. Die Polizei ermittelt.  <\/p>\n","protected":false},"excerpt":{"rendered":"Bei einem Unfall auf der S\u00fcchtelner Stra\u00dfe in Richtung Freiheitsstra\u00dfe ist ein Auto in zwei parkende Fahrzeuge gefahren&hellip;\n","protected":false},"author":2,"featured_media":260932,"comment_status":"","ping_status":"","sticky":false,"template":"","format":"standard","meta":{"footnotes":""},"categories":[1849],"tags":[9784,79235,513,30707,3364,29,548,663,3934,4731,11998,79237,30,13,4455,14,15,1209,79234,12,524,47713,1284,79238,79236,18183],"class_list":{"0":"post-260931","1":"post","2":"type-post","3":"status-publish","4":"format-standard","5":"has-post-thumbnail","7":"category-moenchengladbach","8":"tag-dach","9":"tag-anschliessend","10":"tag-auto","11":"tag-beschaedigt","12":"tag-de","13":"tag-deutschland","14":"tag-eu","15":"tag-europa","16":"tag-europe","17":"tag-fahrer","18":"tag-fahrzeuge","19":"tag-freiheitsstrasse","20":"tag-germany","21":"tag-headlines","22":"tag-moenchengladbach","23":"tag-nachrichten","24":"tag-news","25":"tag-nordrhein-westfalen","26":"tag-parkende","27":"tag-schlagzeilen","28":"tag-strasse","29":"tag-suechtelner","30":"tag-unfall","31":"tag-unfallfahrer","32":"tag-unfallwagens","33":"tag-viersen"},"share_on_mastodon":{"url":"https:\/\/pubeurope.com\/@de\/114836869171306365","error":""},"_links":{"self":[{"href":"https:\/\/www.europesays.com\/de\/wp-json\/wp\/v2\/posts\/260931","targetHints":{"allow":["GET"]}}],"collection":[{"href":"https:\/\/www.europesays.com\/de\/wp-json\/wp\/v2\/posts"}],"about":[{"href":"https:\/\/www.europesays.com\/de\/wp-json\/wp\/v2\/types\/post"}],"author":[{"embeddable":true,"href":"https:\/\/www.europesays.com\/de\/wp-json\/wp\/v2\/users\/2"}],"replies":[{"embeddable":true,"href":"https:\/\/www.europesays.com\/de\/wp-json\/wp\/v2\/comments?post=260931"}],"version-history":[{"count":0,"href":"https:\/\/www.europesays.com\/de\/wp-json\/wp\/v2\/posts\/260931\/revisions"}],"wp:featuredmedia":[{"embeddable":true,"href":"https:\/\/www.europesays.com\/de\/wp-json\/wp\/v2\/media\/260932"}],"wp:attachment":[{"href":"https:\/\/www.europesays.com\/de\/wp-json\/wp\/v2\/media?parent=260931"}],"wp:term":[{"taxonomy":"category","embeddable":true,"href":"https:\/\/www.europesays.com\/de\/wp-json\/wp\/v2\/categories?post=260931"},{"taxonomy":"post_tag","embeddable":true,"href":"https:\/\/www.europesays.com\/de\/wp-json\/wp\/v2\/tags?post=260931"}],"curies":[{"name":"wp","href":"https:\/\/api.w.org\/{rel}","templated":true}]}}