{"id":260939,"date":"2025-07-11T22:09:11","date_gmt":"2025-07-11T22:09:11","guid":{"rendered":"https:\/\/www.europesays.com\/de\/260939\/"},"modified":"2025-07-11T22:09:11","modified_gmt":"2025-07-11T22:09:11","slug":"geringere-strafe-fuer-andrea-tandler-im-corona-maskendeal","status":"publish","type":"post","link":"https:\/\/www.europesays.com\/de\/260939\/","title":{"rendered":"Geringere Strafe f\u00fcr Andrea Tandler im Corona-Maskendeal"},"content":{"rendered":"<p>Im Zusammenhang mit der Corona-Maskenaff\u00e4re ist das Urteil gegen Andrea Tandler und ihren Gesch\u00e4ftspartner wegen millionenschwerer Steuerhinterziehung rechtskr\u00e4ftig \u2013 die Haftstrafe wurde jedoch abgemildert. Das teilte der Bundesgerichtshof (BGH) mit.<\/p>\n<p>Verfahren zur Hinterziehung von Einkommensteuer eingestellt<\/p>\n<p>Die Unternehmerin war im Dezember 2023 am Landgericht M\u00fcnchen zu einer Gesamtstrafe von vier Jahren und f\u00fcnf Monaten Haft verurteilt worden. Ihr mitangeklagter Gesch\u00e4ftspartner erhielt drei Jahre und neun Monate. Das Urteil wurde nun in dem Punkt ge\u00e4ndert, dass beide jeweils nur noch eine dreij\u00e4hrige Freiheitsstrafe verb\u00fc\u00dfen m\u00fcssen, wie ein BGH-Sprecher sagte. <\/p>\n<p>Die Verfahren zur Hinterziehung von Einkommensteuer hat der Bundesgerichtshof auf Antrag des Generalbundesanwalts zwischenzeitlich eingestellt. &#8222;Die bisherigen Feststellungen tragen eine Verurteilung insoweit nicht. Eine erneute Tatsachenverhandlung w\u00e4re mit betr\u00e4chtlichem Aufwand verbunden&#8220;, <a href=\"https:\/\/www.bundesgerichtshof.de\/SharedDocs\/Pressemitteilungen\/DE\/2025\/2025126.html?nn=10690868\" rel=\"nofollow noopener\" target=\"_blank\">hei\u00dft es in einer Mitteilung des BGH<\/a> (externer Link).<\/p>\n<p>Verurteilung wegen Gewerbesteuerhinterziehung rechtskr\u00e4ftig<\/p>\n<p>Die Verurteilung wegen Gewerbesteuerhinterziehung blieb jedoch bestehen. Die \u00dcberpr\u00fcfung der diesbez\u00fcglichen Verurteilungen der Angeklagten habe keinen Rechtsfehler ergeben. Die vom Landgericht festgesetzten Freiheitsstrafen von jeweils drei Jahren seien damit rechtskr\u00e4ftig, hei\u00dft es in einer Mitteilung des BGH. <\/p>\n<p>Tandler ist Tochter des fr\u00fcheren CSU-Generalsekret\u00e4rs und ehemaligen bayerischen Finanz-, Wirtschafts- und Innenministers Gerold Tandler. Zu Beginn der Corona-Pandemie im Jahr 2020 vermittelte sie <a href=\"https:\/\/www.br.de\/nachrichten\/deutschland-welt\/medien-spahn-wird-in-masken-affaere-offenbar-gezielt-geschuetzt,Uq02j02\" rel=\"nofollow noopener\" target=\"_blank\">f\u00fcr einen Schweizer Maskenlieferanten Gesch\u00e4fte mit verschiedenen Bundes- und Landesbeh\u00f6rden<\/a>. Daf\u00fcr kassierte sie Provisionen von fast 50 Millionen Euro. Verurteilt worden waren sie und ihr Gesch\u00e4ftspartner, weil sie die Provisionen nicht korrekt versteuert hatten.<\/p>\n<p>Mit Informationen von dpa<\/p>\n","protected":false},"excerpt":{"rendered":"Im Zusammenhang mit der Corona-Maskenaff\u00e4re ist das Urteil gegen Andrea Tandler und ihren Gesch\u00e4ftspartner wegen millionenschwerer Steuerhinterziehung rechtskr\u00e4ftig&hellip;\n","protected":false},"author":2,"featured_media":260940,"comment_status":"","ping_status":"","sticky":false,"template":"","format":"standard","meta":{"footnotes":""},"categories":[1844],"tags":[79240,1634,313,3364,29,30,15785,8903,63794,79241],"class_list":{"0":"post-260939","1":"post","2":"type-post","3":"status-publish","4":"format-standard","5":"has-post-thumbnail","7":"category-karlsruhe","8":"tag-andrea-tandler","9":"tag-baden-wuerttemberg","10":"tag-corona-pandemie","11":"tag-de","12":"tag-deutschland","13":"tag-germany","14":"tag-jens-spahn","15":"tag-karlsruhe","16":"tag-maskenaffaere","17":"tag-maskendeal"},"share_on_mastodon":{"url":"https:\/\/pubeurope.com\/@de\/114836888951259714","error":""},"_links":{"self":[{"href":"https:\/\/www.europesays.com\/de\/wp-json\/wp\/v2\/posts\/260939","targetHints":{"allow":["GET"]}}],"collection":[{"href":"https:\/\/www.europesays.com\/de\/wp-json\/wp\/v2\/posts"}],"about":[{"href":"https:\/\/www.europesays.com\/de\/wp-json\/wp\/v2\/types\/post"}],"author":[{"embeddable":true,"href":"https:\/\/www.europesays.com\/de\/wp-json\/wp\/v2\/users\/2"}],"replies":[{"embeddable":true,"href":"https:\/\/www.europesays.com\/de\/wp-json\/wp\/v2\/comments?post=260939"}],"version-history":[{"count":0,"href":"https:\/\/www.europesays.com\/de\/wp-json\/wp\/v2\/posts\/260939\/revisions"}],"wp:featuredmedia":[{"embeddable":true,"href":"https:\/\/www.europesays.com\/de\/wp-json\/wp\/v2\/media\/260940"}],"wp:attachment":[{"href":"https:\/\/www.europesays.com\/de\/wp-json\/wp\/v2\/media?parent=260939"}],"wp:term":[{"taxonomy":"category","embeddable":true,"href":"https:\/\/www.europesays.com\/de\/wp-json\/wp\/v2\/categories?post=260939"},{"taxonomy":"post_tag","embeddable":true,"href":"https:\/\/www.europesays.com\/de\/wp-json\/wp\/v2\/tags?post=260939"}],"curies":[{"name":"wp","href":"https:\/\/api.w.org\/{rel}","templated":true}]}}