{"id":260956,"date":"2025-07-11T22:19:09","date_gmt":"2025-07-11T22:19:09","guid":{"rendered":"https:\/\/www.europesays.com\/de\/260956\/"},"modified":"2025-07-11T22:19:09","modified_gmt":"2025-07-11T22:19:09","slug":"334-grad-im-schatten-hitzewelle-sorgt-fuer-neue-rekordtemperatur-in-moskau","status":"publish","type":"post","link":"https:\/\/www.europesays.com\/de\/260956\/","title":{"rendered":"33,4 Grad im Schatten: Hitzewelle sorgt f\u00fcr neue Rekordtemperatur in Moskau"},"content":{"rendered":"<p>      33,4 Grad im Schatten: Hitzewelle sorgt f\u00fcr neue Rekordtemperatur in Moskau<\/p>\n<p>            Kopiere den aktuellen Link<\/p>\n<p>          Zur Merkliste hinzuf\u00fcgen<\/p>\n<p>In Russlands Hauptstadt Moskau ist ein neuer Hitzerekord erreicht worden. Wie de russische Wetterdienst am Freitag mitteilte, wurden am Vortag 33,9 Grad Celsius im Schatten gemessen. Der bisherige Rekordwert aus dem Jahr 1996 wurde damit um 0,3 Grad \u00fcbertroffen.<\/p>\n<p class=\"typo-body-default is-initial\">Vorhersagen zufolge soll die <a class=\"taxonomy-entity keyword\" data-target-type=\"article\" href=\"https:\/\/www.stern.de\/panorama\/themen\/hitzewelle-4169698.html\" rel=\"nofollow noopener\" target=\"_blank\">Hitzewelle<\/a> \u00fcber Zentralrussland und S\u00fcdeuropa bis Anfang kommender Woche andauern. Dem russischen Wetterdienst zufolge ist im Land mit\u00a0Temperaturen um drei bis acht Grad \u00fcber dem jahreszeitlichen Durchschnitt zu rechnen.\u00a0<\/p>\n<p class=\"typo-body-default\">Angesichts der f\u00fcr Moskauer Verh\u00e4ltnisse br\u00fcllenden Hitze str\u00f6mten zahlreiche Hauptstadtbewohner in ihre Datschen im Umland oder in die Parks, manche von ihnen suchten Abk\u00fchlung in Brunnen oder gar in Teichen oder Kan\u00e4len &#8211; ungeachtet beh\u00f6rdlicher Warnungen wegen schlechter Wasserqualit\u00e4t.<\/p>\n<p>\n    AFP\n  <\/p>\n","protected":false},"excerpt":{"rendered":"33,4 Grad im Schatten: Hitzewelle sorgt f\u00fcr neue Rekordtemperatur in Moskau Kopiere den aktuellen Link Zur Merkliste hinzuf\u00fcgen&hellip;\n","protected":false},"author":2,"featured_media":260957,"comment_status":"","ping_status":"","sticky":false,"template":"","format":"standard","meta":{"footnotes":""},"categories":[4013],"tags":[331,332,13,14,15,4043,4044,850,307,12],"class_list":{"0":"post-260956","1":"post","2":"type-post","3":"status-publish","4":"format-standard","5":"has-post-thumbnail","7":"category-russland","8":"tag-aktuelle-nachrichten","9":"tag-aktuelle-news","10":"tag-headlines","11":"tag-nachrichten","12":"tag-news","13":"tag-russia","14":"tag-russian-federation","15":"tag-russische-foederation","16":"tag-russland","17":"tag-schlagzeilen"},"share_on_mastodon":{"url":"https:\/\/pubeurope.com\/@de\/114836928858462935","error":""},"_links":{"self":[{"href":"https:\/\/www.europesays.com\/de\/wp-json\/wp\/v2\/posts\/260956","targetHints":{"allow":["GET"]}}],"collection":[{"href":"https:\/\/www.europesays.com\/de\/wp-json\/wp\/v2\/posts"}],"about":[{"href":"https:\/\/www.europesays.com\/de\/wp-json\/wp\/v2\/types\/post"}],"author":[{"embeddable":true,"href":"https:\/\/www.europesays.com\/de\/wp-json\/wp\/v2\/users\/2"}],"replies":[{"embeddable":true,"href":"https:\/\/www.europesays.com\/de\/wp-json\/wp\/v2\/comments?post=260956"}],"version-history":[{"count":0,"href":"https:\/\/www.europesays.com\/de\/wp-json\/wp\/v2\/posts\/260956\/revisions"}],"wp:featuredmedia":[{"embeddable":true,"href":"https:\/\/www.europesays.com\/de\/wp-json\/wp\/v2\/media\/260957"}],"wp:attachment":[{"href":"https:\/\/www.europesays.com\/de\/wp-json\/wp\/v2\/media?parent=260956"}],"wp:term":[{"taxonomy":"category","embeddable":true,"href":"https:\/\/www.europesays.com\/de\/wp-json\/wp\/v2\/categories?post=260956"},{"taxonomy":"post_tag","embeddable":true,"href":"https:\/\/www.europesays.com\/de\/wp-json\/wp\/v2\/tags?post=260956"}],"curies":[{"name":"wp","href":"https:\/\/api.w.org\/{rel}","templated":true}]}}