{"id":260966,"date":"2025-07-11T22:26:11","date_gmt":"2025-07-11T22:26:11","guid":{"rendered":"https:\/\/www.europesays.com\/de\/260966\/"},"modified":"2025-07-11T22:26:11","modified_gmt":"2025-07-11T22:26:11","slug":"bericht-eu-kommission-plant-neue-steuer-fuer-umsatzstarke-unternehmen","status":"publish","type":"post","link":"https:\/\/www.europesays.com\/de\/260966\/","title":{"rendered":"Bericht: EU-Kommission plant neue Steuer f\u00fcr umsatzstarke Unternehmen"},"content":{"rendered":"<p class=\"is-first-paragraph\" data-external=\"Article.FirstParagraph\">Die EU-Kommission plant einem Medienbericht zufolge eine neue Steuer f\u00fcr umsatzstarke Unternehmen, um Einnahmequellen zu erschlie\u00dfen. Die Abgabe solle f\u00fcr alle gro\u00dfen Firmen gelten, die in der EU t\u00e4tig sind und einen Nettoumsatz von mehr als 50 Millionen Euro ausweisen, berichtete die Zeitung \u201e<a class=\"is-link c-block-items__link is-external c-link--rich-text-renderer\" href=\"https:\/\/www.ft.com\/content\/238c5965-01ad-48af-9f20-db6aa11f76e6\" title=\"(Link wird in einem neuen Tab ge\u00f6ffnet)\" rel=\"nofollow noopener\" data-internal-tracking-enabled=\"true\" data-internal-tracking=\"{&quot;action&quot;:&quot;click&quot;,&quot;label&quot;:&quot;link&quot;,&quot;name&quot;:&quot;Inline Element&quot;,&quot;data&quot;:{&quot;source&quot;:&quot;&quot;,&quot;target&quot;:&quot;https:\/\/www.ft.com\/content\/238c5965-01ad-48af-9f20-db6aa11f76e6&quot;,&quot;trackingName&quot;:&quot;&quot;,&quot;trackingLabel&quot;:&quot;&quot;}}\" target=\"_blank\">Financial Times<\/a>\u201c am Freitag unter Berufung auf einen Entwurf. Dies gelte unabh\u00e4ngig vom Hauptsitz der Konzerne. <\/p>\n<p>Ein gestaffeltes System solle zudem sicherstellen, dass Unternehmen mit den h\u00f6chsten Ums\u00e4tzen gr\u00f6\u00dfere Beitr\u00e4ge leisten. Die Kommission lehnte eine Stellungnahme zu dem Bericht ab. Sie erkl\u00e4rte lediglich, der Vorschlag k\u00f6nne sich noch \u00e4ndern.<\/p>\n<p>Dem Bericht zufolge l\u00e4sst die Br\u00fcsseler Beh\u00f6rde mit dem Vorsto\u00df fr\u00fchere Pl\u00e4ne f\u00fcr eine reine <a class=\"is-link c-block-items__link c-link--rich-text-renderer\" href=\"https:\/\/www.welt.de\/wirtschaft\/article256371296\/Google-Meta-Amazon-Angst-vor-Trump-Jetzt-waechst-die-Ablehnung-einer-Steuer-fuer-Tech-Riesen.html\" data-internal-tracking-enabled=\"true\" data-internal-tracking=\"{&quot;action&quot;:&quot;click&quot;,&quot;label&quot;:&quot;link&quot;,&quot;name&quot;:&quot;Inline Element&quot;,&quot;data&quot;:{&quot;source&quot;:&quot;&quot;,&quot;target&quot;:&quot;https:\/\/www.welt.de\/wirtschaft\/article256371296\/Google-Meta-Amazon-Angst-vor-Trump-Jetzt-waechst-die-Ablehnung-einer-Steuer-fuer-Tech-Riesen.html&quot;,&quot;trackingName&quot;:&quot;&quot;,&quot;trackingLabel&quot;:&quot;&quot;}}\" target=\"_blank\" rel=\"noopener\">Digitalsteuer<\/a> fallen, die vor allem US-Technologiekonzerne wie Apple und Meta getroffen h\u00e4tte. Diese w\u00fcrden jedoch von der neuen, breiter angelegten Abgabe ebenfalls erfasst. <\/p>\n<p>F\u00fcr die Einf\u00fchrung der Steuer ist die Zustimmung aller 27 Mitgliedstaaten erforderlich. Die Pl\u00e4ne werden vor dem Hintergrund des Zoll-Konflikts mit den USA bekannt. US-Pr\u00e4sident Donald Trump hat die Regulierung von amerikanischen Technologiekonzernen durch die EU wiederholt kritisiert. <\/p>\n","protected":false},"excerpt":{"rendered":"Die EU-Kommission plant einem Medienbericht zufolge eine neue Steuer f\u00fcr umsatzstarke Unternehmen, um Einnahmequellen zu erschlie\u00dfen. Die Abgabe&hellip;\n","protected":false},"author":2,"featured_media":260967,"comment_status":"","ping_status":"","sticky":false,"template":"","format":"standard","meta":{"footnotes":""},"categories":[3933],"tags":[331,332,548,59181,663,158,7736,3934,3935,13,14,15,110,12,79244],"class_list":{"0":"post-260966","1":"post","2":"type-post","3":"status-publish","4":"format-standard","5":"has-post-thumbnail","7":"category-eu","8":"tag-aktuelle-nachrichten","9":"tag-aktuelle-news","10":"tag-eu","11":"tag-eu-kommission-ks","12":"tag-europa","13":"tag-europaeische-union","14":"tag-europaeische-union-eu","15":"tag-europe","16":"tag-european-union","17":"tag-headlines","18":"tag-nachrichten","19":"tag-news","20":"tag-newsteam","21":"tag-schlagzeilen","22":"tag-steuereinnahmen-ks"},"share_on_mastodon":{"url":"https:\/\/pubeurope.com\/@de\/114836955920454139","error":""},"_links":{"self":[{"href":"https:\/\/www.europesays.com\/de\/wp-json\/wp\/v2\/posts\/260966","targetHints":{"allow":["GET"]}}],"collection":[{"href":"https:\/\/www.europesays.com\/de\/wp-json\/wp\/v2\/posts"}],"about":[{"href":"https:\/\/www.europesays.com\/de\/wp-json\/wp\/v2\/types\/post"}],"author":[{"embeddable":true,"href":"https:\/\/www.europesays.com\/de\/wp-json\/wp\/v2\/users\/2"}],"replies":[{"embeddable":true,"href":"https:\/\/www.europesays.com\/de\/wp-json\/wp\/v2\/comments?post=260966"}],"version-history":[{"count":0,"href":"https:\/\/www.europesays.com\/de\/wp-json\/wp\/v2\/posts\/260966\/revisions"}],"wp:featuredmedia":[{"embeddable":true,"href":"https:\/\/www.europesays.com\/de\/wp-json\/wp\/v2\/media\/260967"}],"wp:attachment":[{"href":"https:\/\/www.europesays.com\/de\/wp-json\/wp\/v2\/media?parent=260966"}],"wp:term":[{"taxonomy":"category","embeddable":true,"href":"https:\/\/www.europesays.com\/de\/wp-json\/wp\/v2\/categories?post=260966"},{"taxonomy":"post_tag","embeddable":true,"href":"https:\/\/www.europesays.com\/de\/wp-json\/wp\/v2\/tags?post=260966"}],"curies":[{"name":"wp","href":"https:\/\/api.w.org\/{rel}","templated":true}]}}