{"id":261006,"date":"2025-07-11T22:47:10","date_gmt":"2025-07-11T22:47:10","guid":{"rendered":"https:\/\/www.europesays.com\/de\/261006\/"},"modified":"2025-07-11T22:47:10","modified_gmt":"2025-07-11T22:47:10","slug":"einsatz-in-duesseldorf-schiffe-durchbrechen-polizei-sperre-auf-rhein","status":"publish","type":"post","link":"https:\/\/www.europesays.com\/de\/261006\/","title":{"rendered":"Einsatz in D\u00fcsseldorf &#8211; Schiffe durchbrechen Polizei-Sperre auf Rhein"},"content":{"rendered":"<p class=\"richtext text-em-55 !leading-serif mx-6 desktop:mx-0\">Zwei Schiffe haben auf dem <a href=\"https:\/\/rp-online.de\/thema\/rhein\/\" rel=\"nofollow noopener\" target=\"_blank\">Rhein<\/a> in D\u00fcsseldorf eine Polizeisperre durchbrochen und die Beamten nach deren Angaben per Funk \u00fcbel beschimpft. Die Wasserschutzpolizei hatte am Donnerstagabend einen Einsatz an der Oberkasseler Br\u00fccke abgesichert und daf\u00fcr den Rhein gesperrt. Ein Schiffsf\u00fchrer habe daraufhin per Funk angek\u00fcndigt, trotz des ausdr\u00fccklichen Verbots einfach weiterzufahren. <\/p>\n","protected":false},"excerpt":{"rendered":"Zwei Schiffe haben auf dem Rhein in D\u00fcsseldorf eine Polizeisperre durchbrochen und die Beamten nach deren Angaben per&hellip;\n","protected":false},"author":2,"featured_media":261007,"comment_status":"","ping_status":"","sticky":false,"template":"","format":"standard","meta":{"footnotes":""},"categories":[1831],"tags":[3364,29,3405,588,9032,18470,79245,30,79246,10020,1209,79214,21884,5206,6402,28499],"class_list":{"0":"post-261006","1":"post","2":"type-post","3":"status-publish","4":"format-standard","5":"has-post-thumbnail","7":"category-duesseldorf","8":"tag-de","9":"tag-deutschland","10":"tag-duesseldorf","11":"tag-einsatz","12":"tag-einsatzkraefte","13":"tag-einsatzstelle","14":"tag-funk","15":"tag-germany","16":"tag-kapitaene","17":"tag-kraefte","18":"tag-nordrhein-westfalen","19":"tag-polizeisperre","20":"tag-rettungskraefte","21":"tag-rhein","22":"tag-schiff","23":"tag-sperre"},"share_on_mastodon":{"url":"https:\/\/pubeurope.com\/@de\/114837038231705718","error":""},"_links":{"self":[{"href":"https:\/\/www.europesays.com\/de\/wp-json\/wp\/v2\/posts\/261006","targetHints":{"allow":["GET"]}}],"collection":[{"href":"https:\/\/www.europesays.com\/de\/wp-json\/wp\/v2\/posts"}],"about":[{"href":"https:\/\/www.europesays.com\/de\/wp-json\/wp\/v2\/types\/post"}],"author":[{"embeddable":true,"href":"https:\/\/www.europesays.com\/de\/wp-json\/wp\/v2\/users\/2"}],"replies":[{"embeddable":true,"href":"https:\/\/www.europesays.com\/de\/wp-json\/wp\/v2\/comments?post=261006"}],"version-history":[{"count":0,"href":"https:\/\/www.europesays.com\/de\/wp-json\/wp\/v2\/posts\/261006\/revisions"}],"wp:featuredmedia":[{"embeddable":true,"href":"https:\/\/www.europesays.com\/de\/wp-json\/wp\/v2\/media\/261007"}],"wp:attachment":[{"href":"https:\/\/www.europesays.com\/de\/wp-json\/wp\/v2\/media?parent=261006"}],"wp:term":[{"taxonomy":"category","embeddable":true,"href":"https:\/\/www.europesays.com\/de\/wp-json\/wp\/v2\/categories?post=261006"},{"taxonomy":"post_tag","embeddable":true,"href":"https:\/\/www.europesays.com\/de\/wp-json\/wp\/v2\/tags?post=261006"}],"curies":[{"name":"wp","href":"https:\/\/api.w.org\/{rel}","templated":true}]}}