{"id":261103,"date":"2025-07-11T23:42:11","date_gmt":"2025-07-11T23:42:11","guid":{"rendered":"https:\/\/www.europesays.com\/de\/261103\/"},"modified":"2025-07-11T23:42:11","modified_gmt":"2025-07-11T23:42:11","slug":"keine-rede-von-trump-im-britischen-parlament","status":"publish","type":"post","link":"https:\/\/www.europesays.com\/de\/261103\/","title":{"rendered":"Keine Rede von Trump im britischen Parlament"},"content":{"rendered":"<p>Staatsbesuch in Gro\u00dfbritannien <\/p>\n<p>Keine Fahrt in der Goldkutsche f\u00fcr Trump?<\/p>\n<p>12.07.2025 &#8211; 00:57 UhrLesedauer: 2 Min.<\/p>\n<p><a href=\"#focus-0\" class=\"transition-colors duration-200 focus-within:text-magenta block text-current relative\" data-sctrack=\"FocusGalleryImage.Reference\"><img fetchpriority=\"high\" data-testid=\"Opener.Image\" style=\"--lqipURL:url('https:\/\/images.t-online.de\/2025\/07\/tCnGGzVX6s4L\/1024x221:1745x982\/fit-in\/150x0\/filters:blur(25)\/donald-trump-bei-einer-presskonferenz-bei-seinem-besuch-in-grossbritannien-wird-er-wohl-keine-rede-im-parlament-halten-archivbild.jpg')\"   loading=\"eager\" src=\"https:\/\/www.europesays.com\/de\/wp-content\/uploads\/2025\/07\/donald-trump-bei-einer-presskonferenz-bei-seinem-besuch-in-grossbritannien-wird-er-wohl-keine-rede-i.jpeg\" alt=\"Donald Trump bei einer Presskonferenz: Bei seinem Besuch in Gro\u00dfbritannien wird er wohl keine Rede im Parlament halten. (Archivbild)\" title=\"Donald Trump bei einer Presskonferenz: Bei seinem Besuch in Gro\u00dfbritannien wird er wohl keine Rede im Parlament halten. (Archivbild)\" width=\"1745\" height=\"982\" class=\"bg-[url:var(--lqipURL)] bg-cover bg-center flex h-full w-full max-w-full\" decoding=\"async\"\/><img style=\"--width:32;--height:32\" loading=\"lazy\" src=\"https:\/\/www.t-online.de\/s\/paper\/_next\/static\/media\/zoom-in.f7dae02f.svg\" alt=\"Vergr\u00f6\u00dfern des Bildes\" title=\"Vergr\u00f6\u00dfern des Bildes\" class=\"block h-[calc(var(--height)_\/_16_*_1rem)] w-[calc(var(--width)_\/_16_*_1rem)] max-w-none absolute bottom-8 right-8 rounded-4 bg-snow p-8\" decoding=\"async\"\/><\/a><\/p>\n<p>Donald Trump bei einer Presskonferenz: Bei seinem Besuch in Gro\u00dfbritannien wird er wohl keine Rede im Parlament halten. (Archivbild) (Quelle: IMAGO\/Abe Mcnatt\/White House\/imago)<\/p>\n<p class=\"font-bold text-18 leading-17\">Donald Trump wird wohl beim Staatsbesuch in Gro\u00dfbritannien nicht vor dem Parlament reden. Und auch eine andere Tradition f\u00e4llt wohl aus.<\/p>\n<p class=\"text-18 leading-17\">Beim <a class=\"transition-colors duration-200 cursor-pointer text-inherit no-underline text-salemsfur md:hover:text-magenta md:hover:border-magenta md:focus:text-magenta border-current border-b border-solid break-words\" href=\"https:\/\/www.t-online.de\/themen\/staatsbesuch\/\" data-sctrack=\"BodyAnchor\" target=\"_blank\" rel=\"noopener\">Staatsbesuch<\/a> von <a class=\"transition-colors duration-200 cursor-pointer text-inherit no-underline text-salemsfur md:hover:text-magenta md:hover:border-magenta md:focus:text-magenta border-current border-b border-solid break-words\" href=\"https:\/\/www.t-online.de\/themen\/donald-trump\/\" data-sctrack=\"BodyAnchor\" target=\"_blank\" rel=\"noopener\">Donald Trump<\/a> in <a class=\"transition-colors duration-200 cursor-pointer text-inherit no-underline text-salemsfur md:hover:text-magenta md:hover:border-magenta md:focus:text-magenta border-current border-b border-solid break-words\" href=\"https:\/\/www.t-online.de\/themen\/grossbritannien\/\" data-sctrack=\"BodyAnchor\" target=\"_blank\" rel=\"noopener\">Gro\u00dfbritannien<\/a> im September wird es wohl einige Einschr\u00e4nkungen geben. So wird der US-Pr\u00e4sident nicht wie andere Staatschefs, zuletzt <a class=\"transition-colors duration-200 cursor-pointer text-inherit no-underline text-salemsfur md:hover:text-magenta md:hover:border-magenta md:focus:text-magenta border-current border-b border-solid break-words\" href=\"https:\/\/www.t-online.de\/themen\/emmanuel-macron\/\" data-sctrack=\"BodyAnchor\" target=\"_blank\" rel=\"noopener\">Emmanuel Macron<\/a>, vor dem britischen Parlament reden. Die Politiker befinden sich w\u00e4hrend des Besuchs in einer Sitzungspause. Auch eine Kutschfahrt ist wohl nicht geplant, berichten britische Medien.<\/p>\n<p class=\"text-18 leading-17\">Nach Informationen des britischen &#8222;Telegraphs&#8220; sei der Besuch Trumps eigens so gelegt worden, dass das Parlament Sitzungspause hat. Damit habe man eine Ausrede, warum man Trump nicht zu einer Rede einladen k\u00f6nne. Der Republikaner soll dem Bericht zufolge auch nicht den Buckingham-Palast besuchen \u2013 er wird gerade renoviert. Und ein weiteres Statussymbol bleibt ihm wohl verwehrt: eine Fahrt in einer k\u00f6niglichen Kutsche durch <a class=\"transition-colors duration-200 cursor-pointer text-inherit no-underline text-salemsfur md:hover:text-magenta md:hover:border-magenta md:focus:text-magenta border-current border-b border-solid break-words\" href=\"https:\/\/www.t-online.de\/themen\/london\/\" data-sctrack=\"BodyAnchor\" target=\"_blank\" rel=\"noopener\">London<\/a>.<\/p>\n<p class=\"text-18 leading-17\">Diese Ehre wird ausgew\u00e4hlten Staatsg\u00e4sten zuteil. Zuletzt war Frankreichs Pr\u00e4sident Emmanuel Macron zusammen mit <a class=\"transition-colors duration-200 cursor-pointer text-inherit no-underline text-salemsfur md:hover:text-magenta md:hover:border-magenta md:focus:text-magenta border-current border-b border-solid break-words\" href=\"https:\/\/www.t-online.de\/themen\/koenig-charles\/\" data-sctrack=\"BodyAnchor\" target=\"_blank\" rel=\"noopener\">K\u00f6nig Charles<\/a> in einer offenen Kutsche gefahren. Auch andere Staatsg\u00e4ste wie der verstorbene s\u00fcdafrikanische Pr\u00e4sident Nelson Mandela und der chinesische Pr\u00e4sident <a class=\"transition-colors duration-200 cursor-pointer text-inherit no-underline text-salemsfur md:hover:text-magenta md:hover:border-magenta md:focus:text-magenta border-current border-b border-solid break-words\" href=\"https:\/\/www.t-online.de\/themen\/xi-jinping\/\" data-sctrack=\"BodyAnchor\" target=\"_blank\" rel=\"noopener\">Xi Jinping<\/a> kamen in den Genuss dieser Ehre.<\/p>\n<p class=\"text-18 leading-17\">Nach Informationen des britischen &#8222;Independent&#8220; gab es bereits zum Jahresanfang Widerstand bei britischen Politikern und in der \u00d6ffentlichkeit gegen eine Rede Trumps vor dem Parlament. Aus dem Wei\u00dfen Haus hei\u00dft es laut der Zeitung, dass man ohnehin keine Rede auf der Tagesordnung gehabt habe. Bislang wurden Trumps Vorg\u00e4nger <a class=\"transition-colors duration-200 cursor-pointer text-inherit no-underline text-salemsfur md:hover:text-magenta md:hover:border-magenta md:focus:text-magenta border-current border-b border-solid break-words\" href=\"https:\/\/www.t-online.de\/themen\/barack-obama\/\" data-sctrack=\"BodyAnchor\" target=\"_blank\" rel=\"noopener\">Barack Obama<\/a>, Bill Clinton und Ronald Reagan zu einer Rede im Westminster Palast eingeladen.<\/p>\n<p class=\"text-18 leading-17\">Lord Foulkes von Cumnock, einst Minister in der Regierung von Tony Blair, warnte in einem Schreiben an Oberhaus-Chef Lord McFall of Alcluith, dass dem US-Pr\u00e4sidenten wegen seiner Haltung und seiner \u00c4u\u00dferungen \u00fcber das Vereinigte K\u00f6nigreich, die parlamentarische Demokratie, das Nato-B\u00fcndnis und die <a class=\"transition-colors duration-200 cursor-pointer text-inherit no-underline text-salemsfur md:hover:text-magenta md:hover:border-magenta md:focus:text-magenta border-current border-b border-solid break-words\" href=\"https:\/\/www.t-online.de\/themen\/ukraine\/\" data-sctrack=\"BodyAnchor\" target=\"_blank\" rel=\"noopener\">Ukraine<\/a> nicht gestattet werden sollte, vor beiden H\u00e4usern des Parlaments zu sprechen.<\/p>\n<p class=\"text-18 leading-17\">Auch die Labour-Abgeordnete Kate Osborne bat die Sprecherin des britischen Unterhauses, Lindsay Hoyle, darum, eine Rede Trumps vor den Abgeordneten zu verhindern. Das B\u00fcro der Sprecherin des Unterhauses erkl\u00e4rte: &#8222;Jeder Antrag auf eine Ansprache vor den H\u00e4usern des Parlaments wird auf die \u00fcbliche Weise gepr\u00fcft.&#8220;<\/p>\n<p class=\"text-18 leading-17\">Der Verzicht auf eine Kutschfahrt k\u00f6nnte Trump jedoch besonders treffen. Denn w\u00e4hrend seiner ersten Amtszeit hatte das Wei\u00dfe Haus einem Bericht der britischen &#8222;Times&#8220; zufolge darauf bestanden, dass Trump bei seinem London-Besuch 2017 in einer goldenen Kutsche transportiert wird \u2013 an der Seite von K\u00f6nigin Elisabeth II.. Offenbar wurde das Vorhaben aus Sicherheitsgr\u00fcnden abgesagt. Das Wei\u00dfe Haus dementierte den Bericht der &#8222;Times&#8220;. Sicherheitsbedenken verhinderten auch eine Kutschfahrt von Barack Obama, der stattdessen per Staatslimousine in den Buckingham-Palast fuhr.<\/p>\n","protected":false},"excerpt":{"rendered":"Staatsbesuch in Gro\u00dfbritannien Keine Fahrt in der Goldkutsche f\u00fcr Trump? 12.07.2025 &#8211; 00:57 UhrLesedauer: 2 Min. Donald Trump&hellip;\n","protected":false},"author":2,"featured_media":261104,"comment_status":"","ping_status":"","sticky":false,"template":"","format":"standard","meta":{"footnotes":""},"categories":[3976],"tags":[1217,331,332,7102,1758,106,1356,156,79265,551,13,4036,14,79267,15,79266,1555,12,1358,3992,3993,3994,3995,3996,3997],"class_list":{"0":"post-261103","1":"post","2":"type-post","3":"status-publish","4":"format-standard","5":"has-post-thumbnail","7":"category-vereinigtes-koenigreich","8":"tag-1217","9":"tag-aktuelle-nachrichten","10":"tag-aktuelle-news","11":"tag-barack-obama","12":"tag-charles-iii","13":"tag-donald-trump","14":"tag-emmanuel-macron","15":"tag-frankreich","16":"tag-goldkutsche","17":"tag-grossbritannien","18":"tag-headlines","19":"tag-london","20":"tag-nachrichten","21":"tag-nelson-mandela","22":"tag-news","23":"tag-presskonferenz","24":"tag-republikaner","25":"tag-schlagzeilen","26":"tag-staatsbesuch","27":"tag-uk","28":"tag-united-kingdom","29":"tag-united-kingdom-of-great-britain-and-northern-ireland","30":"tag-vereinigtes-koenigreich","31":"tag-vereinigtes-koenigreich-grossbritannien-und-nordirland","32":"tag-vereinigtes-koenigreich-von-grossbritannien-und-nordirland"},"share_on_mastodon":{"url":"","error":"Validation failed: Text character limit of 500 exceeded"},"_links":{"self":[{"href":"https:\/\/www.europesays.com\/de\/wp-json\/wp\/v2\/posts\/261103","targetHints":{"allow":["GET"]}}],"collection":[{"href":"https:\/\/www.europesays.com\/de\/wp-json\/wp\/v2\/posts"}],"about":[{"href":"https:\/\/www.europesays.com\/de\/wp-json\/wp\/v2\/types\/post"}],"author":[{"embeddable":true,"href":"https:\/\/www.europesays.com\/de\/wp-json\/wp\/v2\/users\/2"}],"replies":[{"embeddable":true,"href":"https:\/\/www.europesays.com\/de\/wp-json\/wp\/v2\/comments?post=261103"}],"version-history":[{"count":0,"href":"https:\/\/www.europesays.com\/de\/wp-json\/wp\/v2\/posts\/261103\/revisions"}],"wp:featuredmedia":[{"embeddable":true,"href":"https:\/\/www.europesays.com\/de\/wp-json\/wp\/v2\/media\/261104"}],"wp:attachment":[{"href":"https:\/\/www.europesays.com\/de\/wp-json\/wp\/v2\/media?parent=261103"}],"wp:term":[{"taxonomy":"category","embeddable":true,"href":"https:\/\/www.europesays.com\/de\/wp-json\/wp\/v2\/categories?post=261103"},{"taxonomy":"post_tag","embeddable":true,"href":"https:\/\/www.europesays.com\/de\/wp-json\/wp\/v2\/tags?post=261103"}],"curies":[{"name":"wp","href":"https:\/\/api.w.org\/{rel}","templated":true}]}}