{"id":261109,"date":"2025-07-11T23:45:12","date_gmt":"2025-07-11T23:45:12","guid":{"rendered":"https:\/\/www.europesays.com\/de\/261109\/"},"modified":"2025-07-11T23:45:12","modified_gmt":"2025-07-11T23:45:12","slug":"sonderthemen-die-shows-gehoeren-von-beginn-an-zu-den-markenzeichen-des-europa-parks-ein-sinnbild-fuer-entertainment-in-rust-ist-sicherlich-das-hauseigene-europa-park-showballett-badische-zeitung","status":"publish","type":"post","link":"https:\/\/www.europesays.com\/de\/261109\/","title":{"rendered":"Sonderthemen &#8211; Die Shows geh\u00f6ren von Beginn an zu den Markenzeichen des Europa-Parks. Ein Sinnbild f\u00fcr Entertainment in Rust ist sicherlich das hauseigene Europa-Park-Showballett. &#8211; Badische Zeitung"},"content":{"rendered":"<p id=\"i17bm\">Mathias Reichle, Entertainment-Direktor des Europa-Parks, muss gemeinsam mit seinen Kolleginnen und Kollegen genau planen. Auftritt auf der Showb\u00fchne im Park, danach schnell r\u00fcber in eines der Hotels und dann weiter in den Bereich Confertainment. Dazwischen Proben und Fitnesseinheiten, Gymnastik, Aerobic und Physiotherapie. Reichles Team in der Abteilung Entertainment organisiert alles. Denn die T\u00e4nzerinnen und T\u00e4nzer des Europa-Park-Showballetts sind gefragt. Mit einem eigenen Showballett hat der Freizeitpark in Rust etwas Besonderes.<\/p>\n<p id=\"imp8g\">Von Beginn an hat der Europa-Park auf T\u00e4nzerinnen und T\u00e4nzer gesetzt, das Showballett hat im gesamten Park seit Jahrzehnten eine zentrale Position. \u201eWir haben schnell gemerkt, wir brauchen Showangebote\u201c, erz\u00e4hlt Roland Mack, der den Park 1975 gemeinsam mit seinem Vater Franz Mack gegr\u00fcndet hat. Mit einer ungarischen Folklore-Gruppe fing alles an, schon bald kamen Artisten und T\u00e4nzer hinzu und legten den Grundstein f\u00fcr die weitere Entwicklung. Heute gibt es 23 Stunden Show-Programm pro Tag. Das Angebot reicht von Tanz und Artistik bis zu Musik und Comedy.<\/p>\n<p><img decoding=\"async\" src=\"https:\/\/www.europesays.com\/de\/wp-content\/uploads\/2025\/07\/79J4V9vNiYuBrDOPdIA0yznXogPOkBvD.jpeg\" alt=\"Brigitta Pal ist von Anfang an dabei.\" class=\"float-left\"\/>Brigitta Pal ist von Anfang an dabei.<\/p>\n<p id=\"ie1ic\">Das Besondere: Die T\u00e4nzerinnen und T\u00e4nzer sind im Park angestellt und fest integriert. \u201eMit einem parkeigenen Showballett, also einem hauseigenen Tanzensemble, hat der Europa-Park ein Alleinstellungsmerkmal\u201c, sagt der Australier Nathan Clarke, der als Choreograf schon seit vielen Jahren Shows im Park verantwortet. \u201eWir haben es hier nicht mit T\u00e4nzerinnen und T\u00e4nzern zu tun, die auf Durchgangsstation sind, sondern mit einem Ensemble, das mit dem Park aufs Engste verbunden ist. Das macht die besondere Atmosph\u00e4re aus.\u201c<\/p>\n<p id=\"iebjl\">Das Europa-Park-Showballett besteht aus 33 Frauen und M\u00e4nnern. Sie kommen aus der ganzen Welt, um in Rust vor Publikum zu tanzen. Mit dem Park ist auch die Gr\u00f6\u00dfe der Tanztruppe in den vergangenen 50 Jahren gewachsen. Geblieben sind die Anforderungen: Eine Tanzausbildung und k\u00f6rperliche Fitness sind Grundvoraussetzungen f\u00fcr eine Aufnahme in das Ballett. Einen Spagat zu k\u00f6nnen, reicht nicht. Zwei Drittel des Ensembles sind Frauen, ein Drittel M\u00e4nner.<\/p>\n<p id=\"ixkgx\">Entertainment-Chef Reichle ist f\u00fcr das Showballett verantwortlich. 30 Choreografien f\u00fchrt das Ballett jeden Tag auf, Tanz ebenso wie Akrobatik. Hinzu kommen die Kost\u00fcme. \u201eIn der Kleiderkammer des Europa-Parks haben wir mehr als 30.000 Artikel, die H\u00e4lfte davon f\u00fcr das Ballett. Zudem lassen wir Kost\u00fcme f\u00fcr Shows extra anfertigen.\u201c W\u00e4hrend eines Auftritts m\u00fcssen die T\u00e4nzerinnen und T\u00e4nzer Kost\u00fcme in Minutenschnelle wechseln, um in den unterschiedlichen Choreografien ein vielseitiges Bild abzugeben. \u201eDie Choreografien sind thematisch abgestimmt\u201c, sagt Reichle: \u201eAlle T\u00e4nze haben Bezug zum Park und dem jeweiligen Thema.\u201c Das Ballett geht dabei immer mit der Zeit- und dem Geschmack des Publikums. In der Anfangszeit, sagt Reichle, habe das Ballett vor allem klassischen Revue-Tanz gemacht &#8211; mit dem daf\u00fcr typischen gro\u00dfen Federschmuck.<\/p>\n<p>ANSPRUCHSVOLL<\/p>\n<p id=\"ijlfp\">Doch die Zeiten haben sich ge\u00e4ndert. Heute stehe es f\u00fcr vielseitig und anspruchsvoll inszenierten Showtanz. Nackte Haut geh\u00f6re beim Showtanz dazu &#8211; aber zu viel d\u00fcrfe es auch nicht sein. Brigitta Pal aus Budapest geh\u00f6rt zu den Pionierinnen des Europa-Park-Showballetts. Sie kam 1987 nach Rust, nachdem sie eine Tanzausbildung absolviert hatte und an renommierten Theatern auf der B\u00fchne stand.\u201eWir waren damals im Europa-Park zehn T\u00e4nzerinnen und T\u00e4nzer\u201c, erz\u00e4hlt sie von den Anf\u00e4ngen in Rust. In den Anfangsjahren traten die \u201eEP Dancers\u201c, die sie geleitet und choreographiert hat, tags\u00fcber im Park auf. \u201eItalienischer Volkstanz im italienischen Bereich, niederl\u00e4ndische T\u00e4nze im Bereich Niederlande &#8211; so haben wir jeden Themenbereich optisch in Szene gesetzt.\u201c Mit der Er\u00f6ffnung des ersten Hotels im Park 1995 erweiterte sich das Programm und wurde noch vielf\u00e4ltiger. Es kamen Abendveranstaltungen dazu, Shows in den Hotels und auch die Winter\u00f6ffnung.<\/p>\n<p id=\"ip4by\">F\u00fcr die Ungarin, die schon im Alter von vier Jahren angefangen hat zu tanzen, ging mit dem Job im Europa-Park ein Traum in Erf\u00fcllung, wie sie sagt. In einer Branche, in der wechselnde Orte und Engagements \u00fcblich sind, ist der badische Freizeitpark f\u00fcr viele ein Anker. \u201eEine so gro\u00dfe k\u00fcnstlerische und thematische Vielfalt gibt es sonst nirgendwo. Wir k\u00f6nnen ganz unterschiedliche Performances, Shows, Darbietungen und Choreografien einstudieren und unser ganzes t\u00e4nzerisches K\u00f6nnen zeigen\u201c, erl\u00e4utert Pal. Im Europa-Park werde bei Paraden ebenso professionell getanzt wie bei gro\u00dfen Events, Galas und Veranstaltungen.<\/p>\n<p>BERUFLICHE SICHERHEIT<\/p>\n<p id=\"iwyrl\">Zudem schaffe der Park berufliche Perspektive und Sicherheit, auch wenn die Zeit als Profit\u00e4nzerin altersbedingt zu Ende geht. So ist die Ungarin, nach ihrer Zeit als aktive T\u00e4nzerin, in Rust geblieben. Das Dorf am Oberrhein ist f\u00fcr sie und ihre Familie zur Heimat geworden. Sie arbeitet und choreografiert in der zum Europa-Park geh\u00f6renden Talent Academy und gibt dort ihr Wissen, wie andere T\u00e4nzerinnen auch, an Kinder und Jugendliche weiter. Auch viele ihrer fr\u00fcheren Kollegen und Kolleginnen sind nach der aktiven Zeit im Europa-Park-Showballett weiter im Park besch\u00e4ftigt. Ihre Leidenschaft f\u00fcr Tanz hat Brigitta Pal auch in der eigenen Familie vererbt: Ihr Sohn arbeitet, so wie der Vater und die Mutter, als Profit\u00e4nzer.<\/p>\n<p id=\"if6fx\">Von J\u00fcrgen Ruf<\/p>\n","protected":false},"excerpt":{"rendered":"Mathias Reichle, Entertainment-Direktor des Europa-Parks, muss gemeinsam mit seinen Kolleginnen und Kollegen genau planen. Auftritt auf der Showb\u00fchne&hellip;\n","protected":false},"author":2,"featured_media":261110,"comment_status":"","ping_status":"","sticky":false,"template":"","format":"standard","meta":{"footnotes":""},"categories":[3933],"tags":[331,332,18428,19407,47857,4633,46913,18021,548,663,158,3934,3935,4447,295,6763,13,5331,20336,79269,14,15,21135,79270,79268,12,23906,265,3866],"class_list":{"0":"post-261109","1":"post","2":"type-post","3":"status-publish","4":"format-standard","5":"has-post-thumbnail","7":"category-eu","8":"tag-aktuelle-nachrichten","9":"tag-aktuelle-news","10":"tag-anzeigen","11":"tag-archiv","12":"tag-badische-zeitung","13":"tag-basel","14":"tag-elsass","15":"tag-emmendingen","16":"tag-eu","17":"tag-europa","18":"tag-europaeische-union","19":"tag-europe","20":"tag-european-union","21":"tag-events","22":"tag-freiburg","23":"tag-gastronomie","24":"tag-headlines","25":"tag-immobilien","26":"tag-immobilienmarkt","27":"tag-lrrach","28":"tag-nachrichten","29":"tag-news","30":"tag-offenburg","31":"tag-ortenau","32":"tag-sdbaden","33":"tag-schlagzeilen","34":"tag-schwarzwald","35":"tag-sport","36":"tag-veranstaltungen"},"share_on_mastodon":{"url":"","error":"Validation failed: Text character limit of 500 exceeded"},"_links":{"self":[{"href":"https:\/\/www.europesays.com\/de\/wp-json\/wp\/v2\/posts\/261109","targetHints":{"allow":["GET"]}}],"collection":[{"href":"https:\/\/www.europesays.com\/de\/wp-json\/wp\/v2\/posts"}],"about":[{"href":"https:\/\/www.europesays.com\/de\/wp-json\/wp\/v2\/types\/post"}],"author":[{"embeddable":true,"href":"https:\/\/www.europesays.com\/de\/wp-json\/wp\/v2\/users\/2"}],"replies":[{"embeddable":true,"href":"https:\/\/www.europesays.com\/de\/wp-json\/wp\/v2\/comments?post=261109"}],"version-history":[{"count":0,"href":"https:\/\/www.europesays.com\/de\/wp-json\/wp\/v2\/posts\/261109\/revisions"}],"wp:featuredmedia":[{"embeddable":true,"href":"https:\/\/www.europesays.com\/de\/wp-json\/wp\/v2\/media\/261110"}],"wp:attachment":[{"href":"https:\/\/www.europesays.com\/de\/wp-json\/wp\/v2\/media?parent=261109"}],"wp:term":[{"taxonomy":"category","embeddable":true,"href":"https:\/\/www.europesays.com\/de\/wp-json\/wp\/v2\/categories?post=261109"},{"taxonomy":"post_tag","embeddable":true,"href":"https:\/\/www.europesays.com\/de\/wp-json\/wp\/v2\/tags?post=261109"}],"curies":[{"name":"wp","href":"https:\/\/api.w.org\/{rel}","templated":true}]}}