{"id":261115,"date":"2025-07-11T23:48:12","date_gmt":"2025-07-11T23:48:12","guid":{"rendered":"https:\/\/www.europesays.com\/de\/261115\/"},"modified":"2025-07-11T23:48:12","modified_gmt":"2025-07-11T23:48:12","slug":"musik-metal-ikonen-auf-best-of-tour-iron-maiden-in-deutschland-kultur","status":"publish","type":"post","link":"https:\/\/www.europesays.com\/de\/261115\/","title":{"rendered":"Musik &#8211; Metal-Ikonen auf Best-of-Tour: Iron Maiden in Deutschland &#8211; Kultur"},"content":{"rendered":"<p data-manual=\"teaserText\" data-schema-org-speakable=\"true\">Die Heavy-Metal-Band Iron Maiden ist wieder in Deutschland. In Gelsenkirchen f\u00fcllte sie das Stadion &#8211; zum 50. Bandjubil\u00e4um ausschlie\u00dflich mit Klassikern.<\/p>\n<p data-manual=\"paragraph\" data-schema-org-speakable=\"true\" class=\"css-1ylqqlw\">Gelsenkirchen (dpa) &#8211; Seit 50 Jahren auf der B\u00fchne &#8211; aber sie f\u00fcllen noch immer die gr\u00f6\u00dften Stadien: Die Heavy-Metal-Band Iron Maiden ist mit ihrer Welttournee in <a href=\"https:\/\/www.sueddeutsche.de\/thema\/Deutschland\" target=\"_blank\" rel=\"noopener\">Deutschland<\/a> angekommen. Auftakt war in der Arena in Gelsenkirchen. Auf der \u201eRun For Your Lives\u201c-Tournee spielen Iron Maiden nur Songs aus der Zeit zwischen 1980, als das Deb\u00fctalbum erschien, und 1992, dem Jahr, in dem der achte Longplayer \u201eFear Of The Dark\u201c mit dem beliebten Titelsong ver\u00f6ffentlicht wurde. Darunter sind bekannte Klassiker wie \u201e2 Minutes To Midnight\u201c, \u201eRun To The Hills\u201c oder \u201eThe Trooper\u201c.<\/p>\n<p data-manual=\"paragraph\" data-schema-org-speakable=\"true\" class=\"css-1ylqqlw\">In den n\u00e4chsten Wochen kommt die \u201eRun For Your Lives\u201c-Tournee zum 50. Bandjubil\u00e4um noch nach Bremen (15.7.), Frankfurt (25.7.), Stuttgart (26.7.) und Berlin (29. und 30.7.).\u00a0<\/p>\n<p>Spektakul\u00e4re B\u00fchnenshow<\/p>\n<p data-manual=\"paragraph\" data-schema-org-speakable=\"true\" class=\"css-1ylqqlw\">Begleitet wird die <a href=\"https:\/\/www.sueddeutsche.de\/thema\/Musik\" target=\"_blank\" rel=\"noopener\">Musik<\/a> der Briten von einer spektakul\u00e4ren B\u00fchnenshow. Der Hintergrund wird dabei zur riesigen Kinoleinwand. Bei \u201eHallowed Be Thy Name\u201c etwa flieht Frontman Bruce Dickinson (66) vor einem Geist, bevor er sich selbst in einen verwandelt.<\/p>\n<p><img decoding=\"async\" alt=\"Iron-Maiden-Frontman Bruce Dickinson war auch in Gelsenkirchen stimmgewaltig.\" data-manual=\"overline, headerImageCaption, headerImageSrc, headerImageSrcSet\" data-testid=\"responsive-image\" loading=\"lazy\"  src=\"https:\/\/www.europesays.com\/de\/wp-content\/uploads\/2025\/07\/2d57aca8-47eb-4294-af8d-c763f4cb0482.jpg\"  role=\"button\" tabindex=\"0\" class=\"css-y4bre2\"\/>Iron-Maiden-Frontman Bruce Dickinson war auch in Gelsenkirchen stimmgewaltig. (Foto: Rolf Vennenbernd\/dpa)<\/p>\n<p data-manual=\"paragraph\" data-schema-org-speakable=\"true\" class=\"css-1ylqqlw\">Von der Besetzung der Anfangsjahre ist heute nur noch Bandgr\u00fcnder und Boss Steve Harris dabei. Neuestes Mitglied ist Schlagzeuger Simon Dawson.<\/p>\n<p data-manual=\"paragraph\" data-schema-org-speakable=\"true\" class=\"css-1ylqqlw\">\u00a9 dpa-infocom, dpa:250711-930-788438\/1<\/p>\n","protected":false},"excerpt":{"rendered":"Die Heavy-Metal-Band Iron Maiden ist wieder in Deutschland. In Gelsenkirchen f\u00fcllte sie das Stadion &#8211; zum 50. Bandjubil\u00e4um&hellip;\n","protected":false},"author":2,"featured_media":261116,"comment_status":"","ping_status":"","sticky":false,"template":"","format":"standard","meta":{"footnotes":""},"categories":[2],"tags":[331,3924,332,3922,147,3364,29,30,551,13,18664,80,2549,810,14,3923,15,3921,1209,546,14683,12,149],"class_list":{"0":"post-261115","1":"post","2":"type-post","3":"status-publish","4":"format-standard","5":"has-post-thumbnail","7":"category-deutschland","8":"tag-aktuelle-nachrichten","9":"tag-aktuelle-nachrichten-aus-deutschland","10":"tag-aktuelle-news","11":"tag-aktuelle-news-aus-deutschland","12":"tag-ausland","13":"tag-de","14":"tag-deutschland","15":"tag-germany","16":"tag-grossbritannien","17":"tag-headlines","18":"tag-heavy-metal","19":"tag-kultur","20":"tag-leute","21":"tag-musik","22":"tag-nachrichten","23":"tag-nachrichten-aus-deutschland","24":"tag-news","25":"tag-news-aus-deutschland","26":"tag-nordrhein-westfalen","27":"tag-rock","28":"tag-rockmusik","29":"tag-schlagzeilen","30":"tag-sueddeutsche-zeitung"},"share_on_mastodon":{"url":"https:\/\/pubeurope.com\/@de\/114837278393524891","error":""},"_links":{"self":[{"href":"https:\/\/www.europesays.com\/de\/wp-json\/wp\/v2\/posts\/261115","targetHints":{"allow":["GET"]}}],"collection":[{"href":"https:\/\/www.europesays.com\/de\/wp-json\/wp\/v2\/posts"}],"about":[{"href":"https:\/\/www.europesays.com\/de\/wp-json\/wp\/v2\/types\/post"}],"author":[{"embeddable":true,"href":"https:\/\/www.europesays.com\/de\/wp-json\/wp\/v2\/users\/2"}],"replies":[{"embeddable":true,"href":"https:\/\/www.europesays.com\/de\/wp-json\/wp\/v2\/comments?post=261115"}],"version-history":[{"count":0,"href":"https:\/\/www.europesays.com\/de\/wp-json\/wp\/v2\/posts\/261115\/revisions"}],"wp:featuredmedia":[{"embeddable":true,"href":"https:\/\/www.europesays.com\/de\/wp-json\/wp\/v2\/media\/261116"}],"wp:attachment":[{"href":"https:\/\/www.europesays.com\/de\/wp-json\/wp\/v2\/media?parent=261115"}],"wp:term":[{"taxonomy":"category","embeddable":true,"href":"https:\/\/www.europesays.com\/de\/wp-json\/wp\/v2\/categories?post=261115"},{"taxonomy":"post_tag","embeddable":true,"href":"https:\/\/www.europesays.com\/de\/wp-json\/wp\/v2\/tags?post=261115"}],"curies":[{"name":"wp","href":"https:\/\/api.w.org\/{rel}","templated":true}]}}