{"id":261119,"date":"2025-07-11T23:50:26","date_gmt":"2025-07-11T23:50:26","guid":{"rendered":"https:\/\/www.europesays.com\/de\/261119\/"},"modified":"2025-07-11T23:50:26","modified_gmt":"2025-07-11T23:50:26","slug":"das-sind-die-partien-der-ersten-runde-im-kreispokal-bonn","status":"publish","type":"post","link":"https:\/\/www.europesays.com\/de\/261119\/","title":{"rendered":"Das sind die Partien der ersten Runde im Kreispokal Bonn!"},"content":{"rendered":"<p>Der Bitburger-Kreispokal und Der Ferienplaner-Kreispokal der Frauen im Fu\u00dfballkreis Bonn, wurden gestern ausgelost. Insgesamt 63 Mannschaften, bei den Herren und 22 Mannschaften bei den Damen haben f\u00fcr die gemeldet und das sind die Partien:<\/p>\n<p>Die ausgelosten Partien der 1. Runde, Herren Kreispokal im \u00dcberblick:<\/p>\n<p>TuS Bonn-Dransdorf &#8211; VfL Meckenheim<br \/>Germania Impekoven &#8211; SC Alt.-Ersdorf<br \/>Sportfreunde RW Beuel &#8211; 1. FC Hardtberg<br \/>Polonia Bonn &#8211; Tus Germania Hersel<br \/>ISC AlHilal Bonn &#8211; FV Bonn-Endenich<br \/>SV Wormersdorf &#8211; SC Rheinbach<br \/>TuS P\u00fctzchen &#8211; SC Fortuna Bonn<br \/>Hertha Buschhoven &#8211; BW Friesdorf<br \/>SV BW Oedekoven &#8211; SV Niederbachem<br \/>SV RW Queckenberg &#8211; TuRa Oberdrees<br \/>SV Adendorf &#8211; SC Volmershoven-Heidgen<br \/>RW R\u00f6ttgen &#8211; SV Vorgebirge<br \/>FC Jawanan Bonn &#8211; MSV Bonn<br \/>TV Rheindorf &#8211; Rot-Wei\u00df Merl<br \/>1. JFC Br\u00fcser Berg &#8211; FC Eintracht Geislar<br \/>Godesberger FV &#8211; NK Croatia Bonn<br \/>SC Villip &#8211; SV Ennert<br \/>RW Lessenich &#8211; SV Wachtberg<br \/>Sportfreunde Ippendorf &#8211; TB Witterschlick<br \/>SSV Walberberg &#8211; FC Pech<br \/>SSV Alemannia Brenig &#8211; VfL Lannesdorf<br \/>SV Buschdorf &#8211; Lions Sport-Club<br \/>VfL Lengsdorf &#8211; TuS Roisdorf<br \/>FV Preu\u00dfen Bonn &#8211; Oberkasseler FV<br \/>FV Salia Sechtem &#8211; SV Boluspor Bonn<br \/>SV Merzbach &#8211; SV Beuel 06<br \/>SSV Plittersdorf &#8211; Tus Odendorf<br \/>RW D\u00fcnstekoven &#8211; FC Hertha Bonn<br \/>VTA Bonn &#8211; VfL Alfter<br \/>1. FC Godesberg &#8211; ASG Uni Bonn<br \/>TSG Bonn &#8211; BSV Roleber<\/p>\n<p>Nur der SC Widdig erhielt ein Freilos f\u00fcr die 1. Runde und startet somit erst Anfang Oktober in den Pokalwettbewerb<\/p>\n<p>Die ausgelosten Partien der 1. Runde, Frauen Kreispokal im \u00dcberblick:<\/p>\n<p>TuS Bonn-Dransdorf &#8211; SV BW Oedekoven<br \/>Oberkasseler FV &#8211; TB Witterschlick<br \/>FC Pech &#8211; TV Rheindorf<br \/>SV Beuel 06 &#8211; SV Wachtberg<br \/>BSV Roleber &#8211; TuRa Oberdrees<br \/>SC Villip &#8211; TuS Roisdorf<\/p>\n<p>Zehn Vereine erhielten f\u00fcr die 1. Runde ein Freilos und starten direkt im Achtefinale: Bonner SC, Rot-Wei\u00df Merl, SC Widdig, Rot-Wei\u00df Lessenich, SC Rheinbach, Club Galicia Bonn, Sportfreunde Ippendorf, FV Preu\u00dfen Bonn, SSV Merten und FV Bonn-Endenich<\/p>\n","protected":false},"excerpt":{"rendered":"Der Bitburger-Kreispokal und Der Ferienplaner-Kreispokal der Frauen im Fu\u00dfballkreis Bonn, wurden gestern ausgelost. Insgesamt 63 Mannschaften, bei den&hellip;\n","protected":false},"author":2,"featured_media":261120,"comment_status":"","ping_status":"","sticky":false,"template":"","format":"standard","meta":{"footnotes":""},"categories":[1842],"tags":[1741,3364,29,79271,30,5635,1209],"class_list":{"0":"post-261119","1":"post","2":"type-post","3":"status-publish","4":"format-standard","5":"has-post-thumbnail","7":"category-bonn","8":"tag-bonn","9":"tag-de","10":"tag-deutschland","11":"tag-frauen-kreispokal-bonn","12":"tag-germany","13":"tag-kreispokal-bonn","14":"tag-nordrhein-westfalen"},"share_on_mastodon":{"url":"https:\/\/pubeurope.com\/@de\/114837286205081891","error":""},"_links":{"self":[{"href":"https:\/\/www.europesays.com\/de\/wp-json\/wp\/v2\/posts\/261119","targetHints":{"allow":["GET"]}}],"collection":[{"href":"https:\/\/www.europesays.com\/de\/wp-json\/wp\/v2\/posts"}],"about":[{"href":"https:\/\/www.europesays.com\/de\/wp-json\/wp\/v2\/types\/post"}],"author":[{"embeddable":true,"href":"https:\/\/www.europesays.com\/de\/wp-json\/wp\/v2\/users\/2"}],"replies":[{"embeddable":true,"href":"https:\/\/www.europesays.com\/de\/wp-json\/wp\/v2\/comments?post=261119"}],"version-history":[{"count":0,"href":"https:\/\/www.europesays.com\/de\/wp-json\/wp\/v2\/posts\/261119\/revisions"}],"wp:featuredmedia":[{"embeddable":true,"href":"https:\/\/www.europesays.com\/de\/wp-json\/wp\/v2\/media\/261120"}],"wp:attachment":[{"href":"https:\/\/www.europesays.com\/de\/wp-json\/wp\/v2\/media?parent=261119"}],"wp:term":[{"taxonomy":"category","embeddable":true,"href":"https:\/\/www.europesays.com\/de\/wp-json\/wp\/v2\/categories?post=261119"},{"taxonomy":"post_tag","embeddable":true,"href":"https:\/\/www.europesays.com\/de\/wp-json\/wp\/v2\/tags?post=261119"}],"curies":[{"name":"wp","href":"https:\/\/api.w.org\/{rel}","templated":true}]}}