{"id":261133,"date":"2025-07-11T23:58:20","date_gmt":"2025-07-11T23:58:20","guid":{"rendered":"https:\/\/www.europesays.com\/de\/261133\/"},"modified":"2025-07-11T23:58:20","modified_gmt":"2025-07-11T23:58:20","slug":"ulf-kirsten-bleibt-markenbotschafter-von-dynamo-dresden","status":"publish","type":"post","link":"https:\/\/www.europesays.com\/de\/261133\/","title":{"rendered":"Ulf Kirsten bleibt Markenbotschafter von Dynamo Dresden"},"content":{"rendered":"<p class=\"bold\">\n\t\t\t\t\t\t\t\t\t\tZwei Jahre ist Kirsten Berater der Dresdner. Dann wird er Markenbotschafter. In dieser Funktion bleibt der fr\u00fchere Nationalspieler den Sachsen erhalten.\t\t\t\t<\/p>\n<p>\t\t\t\t\t\t\t\t\t\t\t\t\t\t\t\t\t\t\tDresden.<\/p>\n<p>Dynamo <a href=\"https:\/\/www.freiepresse.de\/thema\/ort\/dresden\" title=\"Nachrichten f\u00fcr den Ort: Dresden\" class=\"internal-article-link\" data-ct=\"ENTITY\/LOCATION\/UNKNOWN\/DRESDEN\" target=\"_blank\" rel=\"noopener\">Dresden<\/a> setzt die Zusammenarbeit mit seinem Ehrenspielf\u00fchrer <a href=\"https:\/\/www.freiepresse.de\/thema\/person\/ulf+kirsten\" title=\"Artikel zur Person: Ulf Kirsten\" class=\"internal-article-link\" data-ct=\"ENTITY\/PERSON\/ULF-KIRSTEN\" target=\"_blank\" rel=\"noopener\">Ulf Kirsten<\/a> fort. Nachdem er zun\u00e4chst zwei Jahren als Berater fungiert hatte, arbeitete der 100-malige Nationalspieler seit Mai als Markenbotschafter f\u00fcr den s\u00e4chsischen Fu\u00dfball-Zweitligisten. In dieser Funktion bleibt der 59-J\u00e4hrige den Dresdnern erhalten. Er unterst\u00fctzt Dynamo bei Sponsorengespr\u00e4chen oder Vereinsveranstaltungen.<\/p>\n<p>&#8222;Mit seiner fu\u00dfballerischen Historie vor allem in unserem Verein und seiner Verbundenheit zur Stadt und Dynamo ist er eine wichtige Pers\u00f6nlichkeit f\u00fcr unsere Sportgemeinschaft.\u00a0Dar\u00fcber hinaus hatte sein Wirken einen positiven Einfluss auf die Entwicklungen der vergangenen Wochen&#8220;, sagte David Fischer, Gesch\u00e4ftsf\u00fchrer Kommunikation, in einer Pressemitteilung.<\/p>\n<p>&#8222;Mit dem Aufstieg in die 2. Bundesliga ist die SGD endlich wieder in der Liga, wo sie mindestens hingeh\u00f6rt. Ich m\u00f6chte meinen Teil dazu beitragen, dass dies so bleibt und dabei den Verein bestm\u00f6glich unterst\u00fctzen&#8220;, betonte Kirsten.<\/p>\n<p>\tKirsten die Vereinslegende<\/p>\n<p>Kirsten war von 1979 bis 1990 f\u00fcr Dynamo aktiv, eher er nach der Wende zu <a href=\"https:\/\/www.freiepresse.de\/thema\/organisation\/bayer+04+leverkusen\" title=\"Nachrichten zu: Bayer 04 Leverkusen\" class=\"internal-article-link\" data-ct=\"ENTITY\/ORGANISATION\/BAYER-04-LEVERKUSEN\" target=\"_blank\" rel=\"noopener\">Bayer 04 Leverkusen<\/a> wechselte. Er gewann mit den Dresdnern zweimal die DDR-Meisterschaft sowie dreimal den Pokal. Dabei gelangen dem St\u00fcrmer in 210 Pflichtspielen f\u00fcr Dynamo insgesamt 79 Tore. (dpa)<\/p>\n","protected":false},"excerpt":{"rendered":"Zwei Jahre ist Kirsten Berater der Dresdner. Dann wird er Markenbotschafter. In dieser Funktion bleibt der fr\u00fchere Nationalspieler&hellip;\n","protected":false},"author":2,"featured_media":261134,"comment_status":"","ping_status":"","sticky":false,"template":"","format":"standard","meta":{"footnotes":""},"categories":[1835],"tags":[3364,29,2386,30,859,19651],"class_list":{"0":"post-261133","1":"post","2":"type-post","3":"status-publish","4":"format-standard","5":"has-post-thumbnail","7":"category-dresden","8":"tag-de","9":"tag-deutschland","10":"tag-dresden","11":"tag-germany","12":"tag-sachsen","13":"tag-sportvereine"},"share_on_mastodon":{"url":"https:\/\/pubeurope.com\/@de\/114837317436010669","error":""},"_links":{"self":[{"href":"https:\/\/www.europesays.com\/de\/wp-json\/wp\/v2\/posts\/261133","targetHints":{"allow":["GET"]}}],"collection":[{"href":"https:\/\/www.europesays.com\/de\/wp-json\/wp\/v2\/posts"}],"about":[{"href":"https:\/\/www.europesays.com\/de\/wp-json\/wp\/v2\/types\/post"}],"author":[{"embeddable":true,"href":"https:\/\/www.europesays.com\/de\/wp-json\/wp\/v2\/users\/2"}],"replies":[{"embeddable":true,"href":"https:\/\/www.europesays.com\/de\/wp-json\/wp\/v2\/comments?post=261133"}],"version-history":[{"count":0,"href":"https:\/\/www.europesays.com\/de\/wp-json\/wp\/v2\/posts\/261133\/revisions"}],"wp:featuredmedia":[{"embeddable":true,"href":"https:\/\/www.europesays.com\/de\/wp-json\/wp\/v2\/media\/261134"}],"wp:attachment":[{"href":"https:\/\/www.europesays.com\/de\/wp-json\/wp\/v2\/media?parent=261133"}],"wp:term":[{"taxonomy":"category","embeddable":true,"href":"https:\/\/www.europesays.com\/de\/wp-json\/wp\/v2\/categories?post=261133"},{"taxonomy":"post_tag","embeddable":true,"href":"https:\/\/www.europesays.com\/de\/wp-json\/wp\/v2\/tags?post=261133"}],"curies":[{"name":"wp","href":"https:\/\/api.w.org\/{rel}","templated":true}]}}