{"id":261149,"date":"2025-07-12T00:06:12","date_gmt":"2025-07-12T00:06:12","guid":{"rendered":"https:\/\/www.europesays.com\/de\/261149\/"},"modified":"2025-07-12T00:06:12","modified_gmt":"2025-07-12T00:06:12","slug":"funkenflug-feldbrand-an-kleingartenanlage-bei-leipzig-zwoelf-verletzte","status":"publish","type":"post","link":"https:\/\/www.europesays.com\/de\/261149\/","title":{"rendered":"Funkenflug?: Feldbrand an Kleingartenanlage bei Leipzig &#8211; zw\u00f6lf Verletzte"},"content":{"rendered":"<p>        11. Juli 2025, 22:55 Uhr<br \/>\n    Quelle: dpa Sachsen\n<\/p>\n<p>        Hinweis<\/p>\n<p class=\"article-notice__text\">\n        DIE ZEIT hat diese Meldung redaktionell nicht bearbeitet. Sie wurde automatisch von der Deutschen Presse-Agentur (dpa) \u00fcbernommen.        <\/p>\n<p>            <img decoding=\"async\" class=\"article__media-item\" src=\"https:\/\/www.europesays.com\/de\/wp-content\/uploads\/2025\/07\/1752278772_156_wide__660x371.jpeg\" alt=\"Funkenflug?: Nahe dem Bahnhof Gerichshain brennt ein Feld \u2013 Flammen greifen auf zehn Hektar \u00fcber. (Symbolbild)\"\/><\/p>\n<p>                    Nahe dem Bahnhof Gerichshain brennt ein Feld \u2013 Flammen greifen auf zehn Hektar \u00fcber. (Symbolbild)<br \/>\n            \u00a9\u00a0Sabina Crisan\/\u200bdpa<\/p>\n<p class=\"paragraph article__item\">Bei einem Feldbrand im Landkreis <a class=\"rtr-entity\" href=\"https:\/\/www.zeit.de\/thema\/leipzig\" rel=\"nofollow noopener\" target=\"_blank\">Leipzig<\/a> sind zw\u00f6lf Menschen in einer Kleingartenanlage verletzt worden. Nach Angaben der Rettungsleitstelle Leipzig erlitten sie am Nachmittag Rauchgasvergiftungen und wurden in Krankenh\u00e4user gebracht.\u00a0\n<\/p>\n<p>Aktuelles<\/p>\n<p>                <a href=\"https:\/\/www.zeit.de\/politik\/ausland\/2025-07\/russische-flotte-general-gunkow-krieg-kursk\" data-ct-label=\"Russland: Vizechef der russischen Flotte bei Raketenangriff get\u00f6tet\" rel=\"nofollow noopener\" target=\"_blank\"><\/p>\n<p>                        Russland:<br \/>\n                        Vizechef der russischen Flotte bei Raketenangriff get\u00f6tet<\/p>\n<p>                <\/a><\/p>\n<p>                <a href=\"https:\/\/www.zeit.de\/gesellschaft\/zeitgeschehen\/2025-06\/ein-ueberlebender-nach-flugzeugabsturz-in-indien\" data-ct-label=\"Ahmedabad: Air India best\u00e4tigt 241 Tote bei Flugzeugabsturz\" rel=\"nofollow noopener\" target=\"_blank\"><\/p>\n<p>                        Ahmedabad:<br \/>\n                        Air India best\u00e4tigt 241 Tote bei Flugzeugabsturz<\/p>\n<p>                <\/a><\/p>\n<p>                <a href=\"https:\/\/www.zeit.de\/politik\/ausland\/2025-06\/nahost-ueberblick-israel-tote-und-verletzte-trump-waffenruhe\" data-ct-label=\"Nahost\u00fcberblick am Morgen: Israel und Iran setzen Angriffe fort, Trump will Putin als Vermittler\" rel=\"nofollow noopener\" target=\"_blank\"><\/p>\n<p>                        Nahost\u00fcberblick am Morgen:<br \/>\n                        Israel und Iran setzen Angriffe fort, Trump will Putin als Vermittler<\/p>\n<p>                <\/a><\/p>\n<p class=\"paragraph article__item\">Das Feuer war gegen 16.00 Uhr in der N\u00e4he des Bahnhofs Gerichshain in der N\u00e4he der Kleing\u00e4rten ausgebrochen und hatte sich rasch ausgebreitet. Die Flammen schlugen auf eine Fl\u00e4che von rund zehn Hektar \u00fcber. Nach dem Alarm r\u00fcckten 31 Fahrzeuge der Feuerwehr aus.\u00a0\n<\/p>\n<p class=\"paragraph article__item\">Der Brand wurde gel\u00f6scht, der Einsatz beendet. Die mutma\u00dfliche Brandursache ist laut Bundespolizei Funkenflug infolge einer festsitzenden Bremse eines Zuges. F\u00fcr die L\u00f6scharbeiten wurde den Angaben zufolge die S-Bahn-Strecke Leipzig-Wurzen kurzzeitig gesperrt.\n<\/p>\n<p class=\"paragraph article__item\">\u00a9 dpa-infocom, dpa:250711-930-788518\/1<\/p>\n","protected":false},"excerpt":{"rendered":"11. Juli 2025, 22:55 Uhr Quelle: dpa Sachsen Hinweis DIE ZEIT hat diese Meldung redaktionell nicht bearbeitet. Sie&hellip;\n","protected":false},"author":2,"featured_media":261150,"comment_status":"","ping_status":"","sticky":false,"template":"","format":"standard","meta":{"footnotes":""},"categories":[1832],"tags":[3364,29,76303,79272,30,27521,27544,71,15,859],"class_list":{"0":"post-261149","1":"post","2":"type-post","3":"status-publish","4":"format-standard","5":"has-post-thumbnail","7":"category-leipzig","8":"tag-de","9":"tag-deutschland","10":"tag-feldbrand","11":"tag-funkenflug","12":"tag-germany","13":"tag-kleingartenanlage","14":"tag-landkreis-leipzig","15":"tag-leipzig","16":"tag-news","17":"tag-sachsen"},"share_on_mastodon":{"url":"https:\/\/pubeurope.com\/@de\/114837348952498480","error":""},"_links":{"self":[{"href":"https:\/\/www.europesays.com\/de\/wp-json\/wp\/v2\/posts\/261149","targetHints":{"allow":["GET"]}}],"collection":[{"href":"https:\/\/www.europesays.com\/de\/wp-json\/wp\/v2\/posts"}],"about":[{"href":"https:\/\/www.europesays.com\/de\/wp-json\/wp\/v2\/types\/post"}],"author":[{"embeddable":true,"href":"https:\/\/www.europesays.com\/de\/wp-json\/wp\/v2\/users\/2"}],"replies":[{"embeddable":true,"href":"https:\/\/www.europesays.com\/de\/wp-json\/wp\/v2\/comments?post=261149"}],"version-history":[{"count":0,"href":"https:\/\/www.europesays.com\/de\/wp-json\/wp\/v2\/posts\/261149\/revisions"}],"wp:featuredmedia":[{"embeddable":true,"href":"https:\/\/www.europesays.com\/de\/wp-json\/wp\/v2\/media\/261150"}],"wp:attachment":[{"href":"https:\/\/www.europesays.com\/de\/wp-json\/wp\/v2\/media?parent=261149"}],"wp:term":[{"taxonomy":"category","embeddable":true,"href":"https:\/\/www.europesays.com\/de\/wp-json\/wp\/v2\/categories?post=261149"},{"taxonomy":"post_tag","embeddable":true,"href":"https:\/\/www.europesays.com\/de\/wp-json\/wp\/v2\/tags?post=261149"}],"curies":[{"name":"wp","href":"https:\/\/api.w.org\/{rel}","templated":true}]}}