{"id":261153,"date":"2025-07-12T00:08:13","date_gmt":"2025-07-12T00:08:13","guid":{"rendered":"https:\/\/www.europesays.com\/de\/261153\/"},"modified":"2025-07-12T00:08:13","modified_gmt":"2025-07-12T00:08:13","slug":"fortuna-duesseldorf-f95-profi-siebert-will-nach-pisa","status":"publish","type":"post","link":"https:\/\/www.europesays.com\/de\/261153\/","title":{"rendered":"Fortuna D\u00fcsseldorf: F95-Profi Siebert will nach Pisa"},"content":{"rendered":"<p class=\"text_ohne_einzug richtext text-em-55 !leading-serif mx-6 desktop:mx-0\">Bis Jamil Siebert ins M\u00fchlviertler Land nachreist, vergehen noch einige Tage. Nach seiner EM-Teilnahme mit der deutschen U21-Nationalmannschaft befindet sich der Innenverteidiger von Zweitligist Fortuna weiterhin im wohlverdienten Urlaub, w\u00e4hrend seine Teamkameraden am Donnerstag die Trainingslager-Arbeit im ober\u00f6sterreichischen Bad Leonfelden aufgenommen haben. Doch auch wenn der geb\u00fcrtige D\u00fcsseldorfer erst am kommenden Dienstag zur Mannschaft sto\u00dfen wird, hat sich sein drohender Abgang schon jetzt zum dominierenden Thema entwickelt.<\/p>\n","protected":false},"excerpt":{"rendered":"Bis Jamil Siebert ins M\u00fchlviertler Land nachreist, vergehen noch einige Tage. Nach seiner EM-Teilnahme mit der deutschen U21-Nationalmannschaft&hellip;\n","protected":false},"author":2,"featured_media":261154,"comment_status":"","ping_status":"","sticky":false,"template":"","format":"standard","meta":{"footnotes":""},"categories":[1831],"tags":[73345,7422,3364,29,79274,54861,3405,30,235,79273,1209,54637,12074],"class_list":{"0":"post-261153","1":"post","2":"type-post","3":"status-publish","4":"format-standard","5":"has-post-thumbnail","7":"category-duesseldorf","8":"tag-allofs","9":"tag-bad","10":"tag-de","11":"tag-deutschland","12":"tag-dinkelborg","13":"tag-dsadsad","14":"tag-duesseldorf","15":"tag-germany","16":"tag-geruecht","17":"tag-leonfelden","18":"tag-nordrhein-westfalen","19":"tag-siebert","20":"tag-tobias"},"share_on_mastodon":{"url":"https:\/\/pubeurope.com\/@de\/114837356789906946","error":""},"_links":{"self":[{"href":"https:\/\/www.europesays.com\/de\/wp-json\/wp\/v2\/posts\/261153","targetHints":{"allow":["GET"]}}],"collection":[{"href":"https:\/\/www.europesays.com\/de\/wp-json\/wp\/v2\/posts"}],"about":[{"href":"https:\/\/www.europesays.com\/de\/wp-json\/wp\/v2\/types\/post"}],"author":[{"embeddable":true,"href":"https:\/\/www.europesays.com\/de\/wp-json\/wp\/v2\/users\/2"}],"replies":[{"embeddable":true,"href":"https:\/\/www.europesays.com\/de\/wp-json\/wp\/v2\/comments?post=261153"}],"version-history":[{"count":0,"href":"https:\/\/www.europesays.com\/de\/wp-json\/wp\/v2\/posts\/261153\/revisions"}],"wp:featuredmedia":[{"embeddable":true,"href":"https:\/\/www.europesays.com\/de\/wp-json\/wp\/v2\/media\/261154"}],"wp:attachment":[{"href":"https:\/\/www.europesays.com\/de\/wp-json\/wp\/v2\/media?parent=261153"}],"wp:term":[{"taxonomy":"category","embeddable":true,"href":"https:\/\/www.europesays.com\/de\/wp-json\/wp\/v2\/categories?post=261153"},{"taxonomy":"post_tag","embeddable":true,"href":"https:\/\/www.europesays.com\/de\/wp-json\/wp\/v2\/tags?post=261153"}],"curies":[{"name":"wp","href":"https:\/\/api.w.org\/{rel}","templated":true}]}}