{"id":261160,"date":"2025-07-12T00:13:10","date_gmt":"2025-07-12T00:13:10","guid":{"rendered":"https:\/\/www.europesays.com\/de\/261160\/"},"modified":"2025-07-12T00:13:10","modified_gmt":"2025-07-12T00:13:10","slug":"regionalrat-koeln-beschliesst-regionalplan-kritik-von-volt-und-der-linken","status":"publish","type":"post","link":"https:\/\/www.europesays.com\/de\/261160\/","title":{"rendered":"Regionalrat K\u00f6ln beschlie\u00dft Regionalplan \u2013 Kritik von Volt und der Linken"},"content":{"rendered":"<p style=\"text-align: center\"><strong>K\u00f6ln braucht Report-K. Jetzt braucht Report-K Euch, die K\u00f6lner:innen.<\/strong><br \/>Werde K-bonnent:in und leiste Deinen Beitrag zur Existenzsicherung von report-K und Medienvielfalt in K\u00f6ln.<\/p>\n<p style=\"text-align: center\"><strong>Du bist bereits K-bonnent:in?\u00a0<\/strong><\/p>\n<p>\u00a0<\/p>\n<p>\u00a0<\/p>\n<p>\u00a0<\/p>\n<p style=\"text-align: center\"><strong>Hast Du noch kein K-bo? Schlie\u00dfe ein K-bo f\u00fcr nur 4,85 \/Monat ab.<\/strong><\/p>\n<p style=\"text-align: center\">Deine Vorteile:<br \/>\u2022 Zugriff auf \u00fcber 115.000 Artikel<br \/>\u2022 Du unterst\u00fctzt unabh\u00e4ngigen Journalismus in K\u00f6ln!<br \/>\u2022 Nur 4,85 Euro im Monat<\/p>\n<p style=\"text-align: center\"><a href=\"https:\/\/www.report-k.de\/register\/k-bonnentin\/\" target=\"_blank\" rel=\"noopener\"><strong>Jetzt registrieren<\/strong><\/a><\/p>\n","protected":false},"excerpt":{"rendered":"K\u00f6ln braucht Report-K. Jetzt braucht Report-K Euch, die K\u00f6lner:innen.Werde K-bonnent:in und leiste Deinen Beitrag zur Existenzsicherung von report-K&hellip;\n","protected":false},"author":2,"featured_media":261161,"comment_status":"","ping_status":"","sticky":false,"template":"","format":"standard","meta":{"footnotes":""},"categories":[1828],"tags":[29,30,1420,1209,79276,79277],"class_list":{"0":"post-261160","1":"post","2":"type-post","3":"status-publish","4":"format-standard","5":"has-post-thumbnail","7":"category-koeln","8":"tag-deutschland","9":"tag-germany","10":"tag-koeln","11":"tag-nordrhein-westfalen","12":"tag-regierungsbezirk-koeln","13":"tag-regionalplan"},"share_on_mastodon":{"url":"https:\/\/pubeurope.com\/@de\/114837376482425147","error":""},"_links":{"self":[{"href":"https:\/\/www.europesays.com\/de\/wp-json\/wp\/v2\/posts\/261160","targetHints":{"allow":["GET"]}}],"collection":[{"href":"https:\/\/www.europesays.com\/de\/wp-json\/wp\/v2\/posts"}],"about":[{"href":"https:\/\/www.europesays.com\/de\/wp-json\/wp\/v2\/types\/post"}],"author":[{"embeddable":true,"href":"https:\/\/www.europesays.com\/de\/wp-json\/wp\/v2\/users\/2"}],"replies":[{"embeddable":true,"href":"https:\/\/www.europesays.com\/de\/wp-json\/wp\/v2\/comments?post=261160"}],"version-history":[{"count":0,"href":"https:\/\/www.europesays.com\/de\/wp-json\/wp\/v2\/posts\/261160\/revisions"}],"wp:featuredmedia":[{"embeddable":true,"href":"https:\/\/www.europesays.com\/de\/wp-json\/wp\/v2\/media\/261161"}],"wp:attachment":[{"href":"https:\/\/www.europesays.com\/de\/wp-json\/wp\/v2\/media?parent=261160"}],"wp:term":[{"taxonomy":"category","embeddable":true,"href":"https:\/\/www.europesays.com\/de\/wp-json\/wp\/v2\/categories?post=261160"},{"taxonomy":"post_tag","embeddable":true,"href":"https:\/\/www.europesays.com\/de\/wp-json\/wp\/v2\/tags?post=261160"}],"curies":[{"name":"wp","href":"https:\/\/api.w.org\/{rel}","templated":true}]}}