{"id":261171,"date":"2025-07-12T00:20:11","date_gmt":"2025-07-12T00:20:11","guid":{"rendered":"https:\/\/www.europesays.com\/de\/261171\/"},"modified":"2025-07-12T00:20:11","modified_gmt":"2025-07-12T00:20:11","slug":"76-jaehriger-im-woltersdorfer-kalksee-gestorben","status":"publish","type":"post","link":"https:\/\/www.europesays.com\/de\/261171\/","title":{"rendered":"76-J\u00e4hriger im Woltersdorfer Kalksee gestorben"},"content":{"rendered":"<p>In Wolterdorf (Oder-Spree) ist am Freitagvormittag ein Mann beim Baden im Kalksee gestorben. Zeugen hatten den 76-J\u00e4hrigen entdeckt und die Rettungskr\u00e4fte verst\u00e4ndigt, wie es von der Polizei gegen\u00fcber dem rbb hie\u00df.<\/p>\n<p>Den Angaben zufolge wurde der Mann aus dem Wasser gezogen. Reanimationsversuche seien aber erfolglos geblieben. Er verstarb noch vor Ort. Ersten Ermittlungen zufolge werden gesundheitliche Gr\u00fcnde als Todesursache vermutet.<\/p>\n<p>Sendung: Antenne Brandenburg, 11.07.2025, 17:30 Uhr<\/p>\n","protected":false},"excerpt":{"rendered":"In Wolterdorf (Oder-Spree) ist am Freitagvormittag ein Mann beim Baden im Kalksee gestorben. Zeugen hatten den 76-J\u00e4hrigen entdeckt&hellip;\n","protected":false},"author":2,"featured_media":261172,"comment_status":"","ping_status":"","sticky":false,"template":"","format":"standard","meta":{"footnotes":""},"categories":[1825],"tags":[1941,1939,296,1937,29,30,1940,1938],"class_list":{"0":"post-261171","1":"post","2":"type-post","3":"status-publish","4":"format-standard","5":"has-post-thumbnail","7":"category-berlin","8":"tag-aktuelle-nachrichten-aus-berlin","9":"tag-aktuelle-news-aus-berlin","10":"tag-berlin","11":"tag-berlin-news","12":"tag-deutschland","13":"tag-germany","14":"tag-nachrichten-aus-berlin","15":"tag-news-aus-berlin"},"share_on_mastodon":{"url":"https:\/\/pubeurope.com\/@de\/114837403992032517","error":""},"_links":{"self":[{"href":"https:\/\/www.europesays.com\/de\/wp-json\/wp\/v2\/posts\/261171","targetHints":{"allow":["GET"]}}],"collection":[{"href":"https:\/\/www.europesays.com\/de\/wp-json\/wp\/v2\/posts"}],"about":[{"href":"https:\/\/www.europesays.com\/de\/wp-json\/wp\/v2\/types\/post"}],"author":[{"embeddable":true,"href":"https:\/\/www.europesays.com\/de\/wp-json\/wp\/v2\/users\/2"}],"replies":[{"embeddable":true,"href":"https:\/\/www.europesays.com\/de\/wp-json\/wp\/v2\/comments?post=261171"}],"version-history":[{"count":0,"href":"https:\/\/www.europesays.com\/de\/wp-json\/wp\/v2\/posts\/261171\/revisions"}],"wp:featuredmedia":[{"embeddable":true,"href":"https:\/\/www.europesays.com\/de\/wp-json\/wp\/v2\/media\/261172"}],"wp:attachment":[{"href":"https:\/\/www.europesays.com\/de\/wp-json\/wp\/v2\/media?parent=261171"}],"wp:term":[{"taxonomy":"category","embeddable":true,"href":"https:\/\/www.europesays.com\/de\/wp-json\/wp\/v2\/categories?post=261171"},{"taxonomy":"post_tag","embeddable":true,"href":"https:\/\/www.europesays.com\/de\/wp-json\/wp\/v2\/tags?post=261171"}],"curies":[{"name":"wp","href":"https:\/\/api.w.org\/{rel}","templated":true}]}}