{"id":261175,"date":"2025-07-12T00:22:39","date_gmt":"2025-07-12T00:22:39","guid":{"rendered":"https:\/\/www.europesays.com\/de\/261175\/"},"modified":"2025-07-12T00:22:39","modified_gmt":"2025-07-12T00:22:39","slug":"union-berlin-holt-torwart-matheo-raab-vom-hsv","status":"publish","type":"post","link":"https:\/\/www.europesays.com\/de\/261175\/","title":{"rendered":"Union Berlin holt Torwart Matheo Raab vom HSV"},"content":{"rendered":"<p>HSV-Abschied nach drei Jahren\u00a0<\/p>\n<p>                                    <img decoding=\"async\" src=\"https:\/\/www.europesays.com\/de\/wp-content\/uploads\/2025\/07\/daniel-heuer-fernandes-matheo-raab-hamburger-sv-2024-1711657948-133108.jpg\" title=\"Union Berlin holt Torwart Matheo Raab vom HSV\" alt=\"Union Berlin holt Torwart Matheo Raab vom HSV\"\/><\/p>\n<p>\n                                       \u00a9IMAGO\n                                    <\/p>\n<p><a title=\"Matheo Raab\" href=\"https:\/\/www.transfermarkt.ch\/matheo-raab\/profil\/spieler\/386685\" target=\"_blank\" rel=\"nofollow noopener\">Matheo Raab<\/a>\u00a0(26) hat sich nach drei\u00a0<a title=\"Hamburger SV\" href=\"https:\/\/www.transfermarkt.ch\/hamburger-sv\/startseite\/verein\/41\" target=\"_blank\" rel=\"nofollow noopener\">HSV<\/a>-Jahren aus Hamburg verabschiedet und ist nach Berlin gewechselt. Am Freitagvormittag verk\u00fcndete der\u00a0<a title=\"1.FC Union Berlin\" href=\"https:\/\/www.transfermarkt.ch\/1fc-union-berlin\/startseite\/verein\/89\" target=\"_blank\" rel=\"nofollow noopener\">1. FC Union<\/a> die Verpflichtung des Torwarts, der bei den Rothosen lediglich in der Saison 2023\/24 zu einer l\u00e4ngeren Serie von Eins\u00e4tzen gekommen war. An der Elbe soll nun <a title=\"Daniel Peretz\" href=\"https:\/\/www.transfermarkt.ch\/daniel-peretz\/profil\/spieler\/468539\" rel=\"nofollow noopener\" target=\"_blank\">Daniel Peretz<\/a>\u00a0(24) vom\u00a0<a title=\"FC Bayern M\u00fcnchen\" href=\"https:\/\/www.transfermarkt.ch\/fc-bayern-m-nchen\/startseite\/verein\/27\" target=\"_blank\" rel=\"nofollow noopener\">FC Bayern<\/a> im Fokus stehen. In K\u00f6penick erg\u00e4nzt Raab das Torwartteam um <a href=\"https:\/\/www.transfermarkt.ch\/frederik-ronnow\/profil\/spieler\/107775\" rel=\"nofollow noopener\" target=\"_blank\">Frederik R\u00f6nnow<\/a>\u00a0(32) als Nachfolger von\u00a0<a title=\"Alexander Schwolow\" href=\"https:\/\/www.transfermarkt.ch\/alexander-schwolow\/profil\/spieler\/93763\" rel=\"nofollow noopener\" target=\"_blank\">Alexander Schwolow<\/a>\u00a0(33), dessen Vertrag nicht verl\u00e4ngert wurde.<\/p>\n<p><\/p>\n<p>\u201eMit Matheo erhalten wir eine weitere wichtige und interessante Komponente f\u00fcr unser Torwart-Team. Wir sind \u00fcberzeugt davon, dass er die Konkurrenz zwischen den Pfosten beleben wird und freuen uns, dass er sich f\u00fcr uns entschieden hat\u201d, sagte Unions Gesch\u00e4ftsf\u00fchrer betonte Horst Heldt. Raab sagte zu seinem Wechsel in die Hauptstadt:\u00a0\u201eDer Weg, den Union in den letzten Jahren gegangen ist und in Zukunft weiter gehen will, hat mich sofort \u00fcberzeugt. Ich habe viel Gutes \u00fcber das Stadion und die Fans geh\u00f6rt und kann es kaum abwarten, das alles selbst zu erleben.\u201c<\/p>\n<p><\/p>\n<p>In Hamburg hatte der fr\u00fchere Kaiserslauterer Raab lange das Nachsehen hinter\u00a0<a title=\"Daniel Heuer Fernandes\" href=\"https:\/\/www.transfermarkt.ch\/daniel-heuer-fernandes\/profil\/spieler\/84993\" rel=\"nofollow noopener\" target=\"_blank\">Daniel Heuer Fernandes<\/a>\u00a0(32) und dann auch noch Pech, als er sich doch den Rang als Nummer eins erarbeitet zu haben schien. Trainer Tim Walter zog ihn kurz vor seinem HSV-Abschied im Februar 2024 Heuer Fernandes vor. Den Trainerwechsel zu Steffen Baumgart \u00fcberstand Raab als erste Wahl f\u00fcrs Tor. Und urspr\u00fcnglich sollte Raab in dieser Rolle auch in die letzte Spielzeit gehen. Eine Lungenentz\u00fcndung setzte ihn aber in der Vorbereitung und in den ersten Partien au\u00dfer Gefecht, weshalb Heuer Fernandes wieder den Platz zwischen den Pfosten \u00fcbernahm und nicht mehr hergab.<\/p>\n<p><\/p>\n<p>Raabs HSV-Vertrag lief noch 2026,\u00a0zuletzt wurde er auch mit Bundesliga-Absteiger Holstein Kiel in Verbindung gebracht. Zu Unions Torwartteam z\u00e4hlen noch\u00a0<a href=\"https:\/\/www.transfermarkt.ch\/carl-klaus\/profil\/spieler\/161057\" rel=\"nofollow noopener\" target=\"_blank\">Carl Klaus<\/a>\u00a0(31) und der von seiner Leihe in Babelsberg zur\u00fcckgekehrte\u00a0<a href=\"https:\/\/www.transfermarkt.ch\/yannic-stein\/profil\/spieler\/698840\" rel=\"nofollow noopener\" target=\"_blank\">Yannic Stein\u00a0<\/a>(20),\u00a0<a href=\"https:\/\/www.transfermarkt.ch\/lennart-grill\/profil\/spieler\/309397\" rel=\"nofollow noopener\" target=\"_blank\">Lennart Grill<\/a>\u00a0(26)\u00a0<a href=\"https:\/\/www.transfermarkt.ch\/-bild-quot-dresden-holt-grill-von-union-berlin-soll-schreiber-als-nr-1-unter-druck-setzen\/view\/news\/456565\" rel=\"nofollow noopener\" target=\"_blank\">wechselte am Mittwoch zu Dynamo Dresden<\/a>.<\/p>\n<p><\/p>\n<p>In Richtung HSV sagte Raab in einer Mitteilung der Hamburger: \u201eIch blicke auf drei sehr intensive Jahre beim HSV zur\u00fcck: Die Zeit war von vielen H\u00f6hen, aber auch einigen R\u00fcckschl\u00e4gen wie beispielsweise dem vergangenen Jahr mit gleich mehreren Verletzungen gepr\u00e4gt. Dennoch \u00fcberstrahlt der Moment des Aufstiegs nat\u00fcrlich alles. Das mit dem HSV geschafft und erlebt zu haben, werde ich mein Leben lang nicht vergessen. Ich werde die Raute immer im Herzen tragen, bedanke mich bei allen Mitspielern, Trainern, Mitarbeitenden und nat\u00fcrlich den gro\u00dfartigen Fans. Wir sehen uns in der Bundesliga!\u201c<\/p>\n","protected":false},"excerpt":{"rendered":"HSV-Abschied nach drei Jahren\u00a0 \u00a9IMAGO Matheo Raab\u00a0(26) hat sich nach drei\u00a0HSV-Jahren aus Hamburg verabschiedet und ist nach Berlin&hellip;\n","protected":false},"author":2,"featured_media":254536,"comment_status":"","ping_status":"","sticky":false,"template":"","format":"standard","meta":{"footnotes":""},"categories":[1825],"tags":[297,296,299,29,30,3150,77803],"class_list":{"0":"post-261175","1":"post","2":"type-post","3":"status-publish","4":"format-standard","5":"has-post-thumbnail","7":"category-berlin","8":"tag-1-fc-union-berlin","9":"tag-berlin","10":"tag-bundesliga","11":"tag-deutschland","12":"tag-germany","13":"tag-hamburger-sv","14":"tag-matheo-raab"},"share_on_mastodon":{"url":"https:\/\/pubeurope.com\/@de\/114837411818373359","error":""},"_links":{"self":[{"href":"https:\/\/www.europesays.com\/de\/wp-json\/wp\/v2\/posts\/261175","targetHints":{"allow":["GET"]}}],"collection":[{"href":"https:\/\/www.europesays.com\/de\/wp-json\/wp\/v2\/posts"}],"about":[{"href":"https:\/\/www.europesays.com\/de\/wp-json\/wp\/v2\/types\/post"}],"author":[{"embeddable":true,"href":"https:\/\/www.europesays.com\/de\/wp-json\/wp\/v2\/users\/2"}],"replies":[{"embeddable":true,"href":"https:\/\/www.europesays.com\/de\/wp-json\/wp\/v2\/comments?post=261175"}],"version-history":[{"count":0,"href":"https:\/\/www.europesays.com\/de\/wp-json\/wp\/v2\/posts\/261175\/revisions"}],"wp:featuredmedia":[{"embeddable":true,"href":"https:\/\/www.europesays.com\/de\/wp-json\/wp\/v2\/media\/254536"}],"wp:attachment":[{"href":"https:\/\/www.europesays.com\/de\/wp-json\/wp\/v2\/media?parent=261175"}],"wp:term":[{"taxonomy":"category","embeddable":true,"href":"https:\/\/www.europesays.com\/de\/wp-json\/wp\/v2\/categories?post=261175"},{"taxonomy":"post_tag","embeddable":true,"href":"https:\/\/www.europesays.com\/de\/wp-json\/wp\/v2\/tags?post=261175"}],"curies":[{"name":"wp","href":"https:\/\/api.w.org\/{rel}","templated":true}]}}