{"id":261180,"date":"2025-07-12T00:25:10","date_gmt":"2025-07-12T00:25:10","guid":{"rendered":"https:\/\/www.europesays.com\/de\/261180\/"},"modified":"2025-07-12T00:25:10","modified_gmt":"2025-07-12T00:25:10","slug":"im-urlaubslook-sieht-carmen-geiss-wie-shanias-schwester-aus","status":"publish","type":"post","link":"https:\/\/www.europesays.com\/de\/261180\/","title":{"rendered":"Im Urlaubslook sieht Carmen Geiss wie Shanias Schwester aus"},"content":{"rendered":"<p class=\"text-element u-richtext u-typo u-typo--article-text gallery__text-element text-element--context-gallery\"> Der schillernde Lifestyle liegt ihr neben Champagner, Yachten und den gr\u00f6\u00dften Designer:innen-Pieces f\u00f6rmlich im Blut! Carmen Geiss, wei\u00df ihr Luxus-Leben selbstbewusst mit der \u00d6ffentlichkeit zu teilen. Ganz gleich ob im TV innerhalb der eigenen Doku-Soap &#8222;Die Geissens&#8220; oder auf ihrem Instagram-Profil. Seit Jahren erfreuen sich ihre Fans an ihrem Modegeschmack, der Protz und Prunk fusioniert.\u00a0<\/p>\n<p>Carmen Geiss: Ihr Modegeschmack ist Luxus pur<\/p>\n<p class=\"text-element u-richtext u-typo u-typo--article-text gallery__text-element text-element--context-gallery\"> Ihre Garderobe ist ein Spiegelbild ihres Status als Jet-Set-Diva, die es liebt, in den schicksten Boutiquen der Welt einzukaufen und dabei auf keinen Fall mit ihrem Geldbeutel zu geizen. Ob glitzernde Abendkleider von Versace oder funkelnde Diamant-Schmuckst\u00fccke von Cartier: Die Mutter von Shania und <a class=\"autolinker\" data-target-type=\"article\" href=\"https:\/\/www.vip.de\/vips\/davina-geiss-t15068.html\" rel=\"nofollow noopener\" target=\"_blank\">Davina Geiss<\/a> strahlt in den teuersten Kreationen der renommiertesten Designer:innen. Das Motto lautet hierbei: Mehr ist mehr! Oder doch, weniger ist mehr? Immer \u00f6fter h\u00fcllt der TV-Star seine Kurven lediglich in Dessous zum Naked-Dress. Dem Model ein altbackenes oder angestaubtes Image nachzusagen, liegt damit fernab der Realit\u00e4t.<\/p>\n<p>Das sind ihre Style-Essentials<\/p>\n<p class=\"text-element u-richtext u-typo u-typo--article-text gallery__text-element text-element--context-gallery\"> Selten sieht man die Unternehmerin ohne Handtasche, mausern sie sich fast beil\u00e4ufig zum praktischen Markenzeichen. In ihrer beeindruckenden Sammlung finden sich einige der begehrtesten Marken der Welt, darunter Bags von Herm\u00e8s, Chanel, Gucci oder Louis Vuitton. F\u00fcr ihre tragbaren Sch\u00e4tze hat sie immer passende Gegenspieler! Ihre liebsten Styling-Partner sind Jeans, Shirts mit aussagekr\u00e4ftigem Druck oder Leder und Nieten. Ob beim abendlichen Dinner, beim Mittagessen mit Freund:innen oder beim Bummel in der City: Je h\u00f6her der Absatz von Pumps &amp; Co., desto fr\u00f6hlicher scheint die Ehefrau von Robert Geiss zu sein. Zumindest verr\u00e4t das ihr strahlendes L\u00e4cheln! Denn ihren Blick versteckt sie meist unter XL-Sonnenbrillen mit Star-Appeal.\u00a0<\/p>\n<p>\nVIP.de<\/p>\n","protected":false},"excerpt":{"rendered":"Der schillernde Lifestyle liegt ihr neben Champagner, Yachten und den gr\u00f6\u00dften Designer:innen-Pieces f\u00f6rmlich im Blut! Carmen Geiss, wei\u00df&hellip;\n","protected":false},"author":2,"featured_media":261181,"comment_status":"","ping_status":"","sticky":false,"template":"","format":"standard","meta":{"footnotes":""},"categories":[1776],"tags":[1801,29,214,30,1802,215],"class_list":{"0":"post-261180","1":"post","2":"type-post","3":"status-publish","4":"format-standard","5":"has-post-thumbnail","7":"category-prominente","8":"tag-celebrities","9":"tag-deutschland","10":"tag-entertainment","11":"tag-germany","12":"tag-prominente","13":"tag-unterhaltung"},"share_on_mastodon":{"url":"","error":""},"_links":{"self":[{"href":"https:\/\/www.europesays.com\/de\/wp-json\/wp\/v2\/posts\/261180","targetHints":{"allow":["GET"]}}],"collection":[{"href":"https:\/\/www.europesays.com\/de\/wp-json\/wp\/v2\/posts"}],"about":[{"href":"https:\/\/www.europesays.com\/de\/wp-json\/wp\/v2\/types\/post"}],"author":[{"embeddable":true,"href":"https:\/\/www.europesays.com\/de\/wp-json\/wp\/v2\/users\/2"}],"replies":[{"embeddable":true,"href":"https:\/\/www.europesays.com\/de\/wp-json\/wp\/v2\/comments?post=261180"}],"version-history":[{"count":0,"href":"https:\/\/www.europesays.com\/de\/wp-json\/wp\/v2\/posts\/261180\/revisions"}],"wp:featuredmedia":[{"embeddable":true,"href":"https:\/\/www.europesays.com\/de\/wp-json\/wp\/v2\/media\/261181"}],"wp:attachment":[{"href":"https:\/\/www.europesays.com\/de\/wp-json\/wp\/v2\/media?parent=261180"}],"wp:term":[{"taxonomy":"category","embeddable":true,"href":"https:\/\/www.europesays.com\/de\/wp-json\/wp\/v2\/categories?post=261180"},{"taxonomy":"post_tag","embeddable":true,"href":"https:\/\/www.europesays.com\/de\/wp-json\/wp\/v2\/tags?post=261180"}],"curies":[{"name":"wp","href":"https:\/\/api.w.org\/{rel}","templated":true}]}}