{"id":261182,"date":"2025-07-12T00:27:10","date_gmt":"2025-07-12T00:27:10","guid":{"rendered":"https:\/\/www.europesays.com\/de\/261182\/"},"modified":"2025-07-12T00:27:10","modified_gmt":"2025-07-12T00:27:10","slug":"buch-frianar-frueher-von-tobias-schuhwerk-kritik-und-rezension","status":"publish","type":"post","link":"https:\/\/www.europesays.com\/de\/261182\/","title":{"rendered":"Buch Frianar (Fr\u00fcher) von Tobias Schuhwerk: Kritik und Rezension"},"content":{"rendered":"<p class=\"mb-6 text-xs md:text-m lg:text-l font-serif group-[.font-sans]:font-sans \">\n<p>Egal ob Krimi, Bildband oder Heimatroman: \u00dcber das Allg\u00e4u gibt es viele B\u00fccher. Eine Neuerscheinung widmet sich einem Thema, \u00fcber das es eher wenig Literatur gibt: Im Buch \u201eFrianar\u201c (Fr\u00fcher) von Tobias Schuhwerk erinnern sich Allg\u00e4uer Bergb\u00e4uerinnen und erz\u00e4hlen Geschichten \u00fcber karge Zeiten und das Leben mit der Natur, die bisweilen unter die Haut gehen.\n  <\/p>\n<p>            Von extremen Wintern und geheimnisvollen Geschichten: Bergb\u00e4uerinnen erz\u00e4hlen in Frianar   <\/p>\n<p class=\"mb-6 text-xs md:text-m lg:text-l font-serif group-[.font-sans]:font-sans \">\n    Die Frauen blicken zur\u00fcck auf pr\u00e4gende Erlebnisse ihrer Kindheit, auf das Miteinander von Mensch, Tier und Landschaft und auf ihr vielf\u00e4ltiges K\u00f6nnen. Sie berichten von harten Zeiten, in denen Pferde die Arbeit von Traktoren ersetzten, Kinder im mitunter st\u00fcrmischen Winter auf Skiern zur Dorfschule stapften, extreme Wetterlagen die Existenz bedrohten, geheimnisvolle Geschichten das Denken pr\u00e4gten und M\u00fctter und M\u00e4gde aus wenigen Zutaten schmackhafte Gerichte zauberten.\n  <\/p>\n<p class=\"mb-6 text-xs md:text-m lg:text-l font-serif group-[.font-sans]:font-sans \">\n    Diese spannenden und auch ber\u00fchrenden Geschichten aufgeschrieben hat Journalist und Autor Tobias Schuhwerk. Nach \u201e<a href=\"https:\/\/www.allgaeuer-zeitung.de\/allgaeu\/nueuef-buch-ueber-alm-im-allgaeu-und-die-arbeit-eines-alphirten-so-kann-man-es-kaufen-103546526\" target=\"_self\" class=\"underline \" rel=\"nofollow noopener\">N\u00fc\u00fcf<\/a>\u201c (Hinauf), einem Buch \u00fcber die Arbeit eines Alphirten, ist dies Band 2 in einer Serie \u00fcber die Menschen und ihr Leben in einer l\u00e4ndlich gepr\u00e4gten Region. Der Ausgangspunkt f\u00fcr sein zweites Buch war pers\u00f6nlich gef\u00e4rbt.\n  <\/p>\n<p>            F\u00fcr das Buch Frianar besuchte der Autor  teils hochbetagte Bergb\u00e4uerinnen <\/p>\n<p class=\"mb-6 text-xs md:text-m lg:text-l font-serif group-[.font-sans]:font-sans \">\n    Viele Jahre nach dem Tod seiner Gro\u00dfmutter, einer B\u00e4uerin aus Wiggensbach, sei ihm pl\u00f6tzlich aufgefallen, dass er praktisch nichts \u00fcber sie wusste, sagt er. Wie auch viele andere B\u00e4uerinnen ihrer Generation hatte sie kaum etwas hinterlassen. Ihre Geschichten blieben bislang unerz\u00e4hlt. Daran wollte Schuhwerk etwas \u00e4ndern. Ein Jahr lang besuchte er Bergb\u00e4uerinnen und Zeitzeugen und bat sie von fr\u00fcher zu erz\u00e4hlen. \u201eManche Gespr\u00e4che waren ernst und traurig\u201c, sagt der Chefreporter unserer Zeitung, \u201eandere heiter, herzlich und lustig.\u201c Meistens seien sie sogar beides gewesen.\n  <\/p>\n<p class=\"mb-6 text-xs md:text-m lg:text-l font-serif group-[.font-sans]:font-sans \">\n    (Auszug aus einer Geschichte der aktuellen Jubil\u00e4umsausgabe des Magazins \u201eGria\u00df di\u2019 Allg\u00e4u\u201c, erh\u00e4ltlich im Zeitschriftenhandel).\n  <\/p>\n<p class=\"mb-6 text-xs md:text-m lg:text-l font-serif group-[.font-sans]:font-sans \">\n    Das k\u00f6nnte Sie auch interessieren: <a href=\"https:\/\/www.allgaeuer-zeitung.de\/allgaeu\/leben-auf-einer-alpe-im-allgaeu-carolin-dambacher-schildert-ihre-eindruecke-sennalpe-thalhofer-berg-in-missen-praktikum-110027174\" target=\"_self\" class=\"underline \" rel=\"nofollow noopener\">Leserin aus dem Ries schw\u00e4rmt von Sommer auf Allg\u00e4uer Alpe<\/a>\n  <\/p>\n<ul data-module-id=\"DragDropModule\" class=\"flex flex-wrap justify-start group-[.no-bookmarks]:hidden\">\n<li class=\"mb-3 mr-3\">\n    Freddy  Schissler<\/p>\n<p>      Icon Haken im Kreis gesetzt<\/p>\n<p>      Icon Plus im Kreis<\/p>\n<\/li>\n<li class=\"mb-3 mr-3\">\n    Tobias Schuhwerk<\/p>\n<p>      Icon Haken im Kreis gesetzt<\/p>\n<p>      Icon Plus im Kreis<\/p>\n<\/li>\n<li class=\"mb-3 mr-3\">\n    Allg\u00e4u<\/p>\n<p>      Icon Haken im Kreis gesetzt<\/p>\n<p>      Icon Plus im Kreis<\/p>\n<\/li>\n<\/ul>\n","protected":false},"excerpt":{"rendered":"Egal ob Krimi, Bildband oder Heimatroman: \u00dcber das Allg\u00e4u gibt es viele B\u00fccher. Eine Neuerscheinung widmet sich einem&hellip;\n","protected":false},"author":2,"featured_media":261183,"comment_status":"","ping_status":"","sticky":false,"template":"","format":"standard","meta":{"footnotes":""},"categories":[1774],"tags":[1784,1785,29,214,30,215],"class_list":{"0":"post-261182","1":"post","2":"type-post","3":"status-publish","4":"format-standard","5":"has-post-thumbnail","7":"category-buecher","8":"tag-books","9":"tag-buecher","10":"tag-deutschland","11":"tag-entertainment","12":"tag-germany","13":"tag-unterhaltung"},"share_on_mastodon":{"url":"https:\/\/pubeurope.com\/@de\/114837431595602349","error":""},"_links":{"self":[{"href":"https:\/\/www.europesays.com\/de\/wp-json\/wp\/v2\/posts\/261182","targetHints":{"allow":["GET"]}}],"collection":[{"href":"https:\/\/www.europesays.com\/de\/wp-json\/wp\/v2\/posts"}],"about":[{"href":"https:\/\/www.europesays.com\/de\/wp-json\/wp\/v2\/types\/post"}],"author":[{"embeddable":true,"href":"https:\/\/www.europesays.com\/de\/wp-json\/wp\/v2\/users\/2"}],"replies":[{"embeddable":true,"href":"https:\/\/www.europesays.com\/de\/wp-json\/wp\/v2\/comments?post=261182"}],"version-history":[{"count":0,"href":"https:\/\/www.europesays.com\/de\/wp-json\/wp\/v2\/posts\/261182\/revisions"}],"wp:featuredmedia":[{"embeddable":true,"href":"https:\/\/www.europesays.com\/de\/wp-json\/wp\/v2\/media\/261183"}],"wp:attachment":[{"href":"https:\/\/www.europesays.com\/de\/wp-json\/wp\/v2\/media?parent=261182"}],"wp:term":[{"taxonomy":"category","embeddable":true,"href":"https:\/\/www.europesays.com\/de\/wp-json\/wp\/v2\/categories?post=261182"},{"taxonomy":"post_tag","embeddable":true,"href":"https:\/\/www.europesays.com\/de\/wp-json\/wp\/v2\/tags?post=261182"}],"curies":[{"name":"wp","href":"https:\/\/api.w.org\/{rel}","templated":true}]}}