{"id":261215,"date":"2025-07-12T00:45:20","date_gmt":"2025-07-12T00:45:20","guid":{"rendered":"https:\/\/www.europesays.com\/de\/261215\/"},"modified":"2025-07-12T00:45:20","modified_gmt":"2025-07-12T00:45:20","slug":"an-der-hornstrasse-brennt-ein-bungalow","status":"publish","type":"post","link":"https:\/\/www.europesays.com\/de\/261215\/","title":{"rendered":"An der Hornstra\u00dfe brennt ein Bungalow"},"content":{"rendered":"<p class=\"font-sans font-medium\">Gladbeck. Die Feuerwehr ist mit allen L\u00f6schz\u00fcgen an der Hornstra\u00dfe im Einsatz: Feuer in einem leerstehenden Wohnhaus am Dekormarkt. Was schon bekannt ist.<\/p>\n<p>Ein Gro\u00dfbrand an der Hornstra\u00dfe in Gladbeck, nahe der Stadtgrenze zu Bottrop, besch\u00e4ftigt seit 15 Uhr am Freitagnachmittag die <a href=\"https:\/\/www.waz.de\/lokales\/gladbeck\/article408892159\/feuerwehr-gladbeck-diese-einsaetze-waren-besonders-dramatisch.html\" data-category-full-path=\"https:\/\/www.waz.de\/lokales\/gladbeck\/\" data-paid-status=\"premium\" data-article-publish-date=\"1746981736\" rel=\"nofollow noopener\" target=\"_blank\">Feuerwehr Gladbeck<\/a>. Alle L\u00f6schz\u00fcge sind aktuell im Einsatz. Ausgebrochen ist das Feuer in einem leerstehenden Bungalow auf dem Gel\u00e4nde vom Dekor-Markt Bonnekoh. Was den Einsatz so schwierig macht: Es lodert in der Zwischendecke des Hauses.<\/p>\n<p>  Feuer an der Hornstra\u00dfe in Gladbeck: Es gab eine Mitteilung \u00fcber die Warn-App Nina  <\/p>\n<p>Dichter, gelblich-grauer Rauch h\u00e4ngt \u00fcber dem brennenden Bungalow, der Wind treibt den Qualm Richtung Bottroper Stra\u00dfe. Wegen der nicht auszuschlie\u00dfenden Gesundheitsf\u00e4hrdung durch den Rauch hat es eine Mitteilung \u00fcber die Warn-App Nina gegeben.<\/p>\n<p>Die Polizei hat den Bereich um den Markt weitr\u00e4umig abgesperrt. Immer wieder m\u00fcssen die Beamte Schaulustige davon abhalten, an der Absperrung vorbei Richtung Brandort zu gehen. Auch mit einigen Autofahrern, die die Einsatzstelle nicht passieren d\u00fcrfen, kommt es zu Diskussionen.<\/p>\n<p>    <img decoding=\"async\" src=\"https:\/\/www.europesays.com\/de\/wp-content\/uploads\/2025\/07\/409491470_1752250068_v16_9_1200.jpeg\" class=\"block w-full aspect-[16\/9] \" alt=\"Die Hornstra\u00dfe ist wegen des Brandes in H\u00f6he des Dekor-Marktes gesperrt. Die Polizei h\u00e4lt Schaulustige ab. \" title=\"Die Hornstra\u00dfe ist wegen des Brandes in H\u00f6he des Dekor-Marktes gesperrt. Die Polizei h\u00e4lt Schaulustige ab. \" loading=\"lazy\"\/><\/p>\n<p>\n      Die Hornstra\u00dfe ist wegen des Brandes in H\u00f6he des Dekor-Marktes gesperrt. Die Polizei h\u00e4lt Schaulustige ab.<br \/>\n      \u00a9 WAZ | Katrin Walger-Stolle\n    <\/p>\n<p>Zum Gl\u00fcck, so die erste Mitteilung des Einsatzleiters der Feuerwehr noch vor Ort, gibt es <a href=\"https:\/\/www.waz.de\/lokales\/gladbeck\/article409188149\/feuerwehr-gladbeck-rettet-mann-aus-zwoelf-metern-hoehe.html\" data-category-full-path=\"https:\/\/www.waz.de\/lokales\/gladbeck\/\" data-paid-status=\"free\" data-article-publish-date=\"1749050223\" rel=\"nofollow noopener\" target=\"_blank\">keine Verletzten<\/a>, da das Haus ja leer steht. Es war wohl nur noch als Lager genutzt worden.<\/p>\n<p>Wie lange der Einsatz noch dauern wird, stand Freitagabend gegen 18 Uhr noch nicht fest. Bei der Wehr geht man aber davon aus, dass man noch einige Stunden vor Ort sein wird. Auch zur <a href=\"https:\/\/www.waz.de\/lokales\/gladbeck\/article409275013\/feuer-in-kinderzimmer-in-gladbeck-zwei-menschen-verletzt.html\" data-category-full-path=\"https:\/\/www.waz.de\/lokales\/gladbeck\/\" data-paid-status=\"default\" data-article-publish-date=\"1750067589\" rel=\"nofollow noopener\" target=\"_blank\">Brandursache <\/a>gibt es aktuell noch keine Erkenntnisse. Die wird sp\u00e4ter die Polizei ermitteln.<\/p>\n<p>&gt;&gt; Diese Meldung wird aktualisiert <\/p>\n","protected":false},"excerpt":{"rendered":"Gladbeck. Die Feuerwehr ist mit allen L\u00f6schz\u00fcgen an der Hornstra\u00dfe im Einsatz: Feuer in einem leerstehenden Wohnhaus am&hellip;\n","protected":false},"author":2,"featured_media":261216,"comment_status":"","ping_status":"","sticky":false,"template":"","format":"standard","meta":{"footnotes":""},"categories":[1848],"tags":[3364,29,548,663,3934,3658,30,13,14,15,1209,12],"class_list":{"0":"post-261215","1":"post","2":"type-post","3":"status-publish","4":"format-standard","5":"has-post-thumbnail","7":"category-gelsenkirchen","8":"tag-de","9":"tag-deutschland","10":"tag-eu","11":"tag-europa","12":"tag-europe","13":"tag-gelsenkirchen","14":"tag-germany","15":"tag-headlines","16":"tag-nachrichten","17":"tag-news","18":"tag-nordrhein-westfalen","19":"tag-schlagzeilen"},"share_on_mastodon":{"url":"https:\/\/pubeurope.com\/@de\/114837502336078231","error":""},"_links":{"self":[{"href":"https:\/\/www.europesays.com\/de\/wp-json\/wp\/v2\/posts\/261215","targetHints":{"allow":["GET"]}}],"collection":[{"href":"https:\/\/www.europesays.com\/de\/wp-json\/wp\/v2\/posts"}],"about":[{"href":"https:\/\/www.europesays.com\/de\/wp-json\/wp\/v2\/types\/post"}],"author":[{"embeddable":true,"href":"https:\/\/www.europesays.com\/de\/wp-json\/wp\/v2\/users\/2"}],"replies":[{"embeddable":true,"href":"https:\/\/www.europesays.com\/de\/wp-json\/wp\/v2\/comments?post=261215"}],"version-history":[{"count":0,"href":"https:\/\/www.europesays.com\/de\/wp-json\/wp\/v2\/posts\/261215\/revisions"}],"wp:featuredmedia":[{"embeddable":true,"href":"https:\/\/www.europesays.com\/de\/wp-json\/wp\/v2\/media\/261216"}],"wp:attachment":[{"href":"https:\/\/www.europesays.com\/de\/wp-json\/wp\/v2\/media?parent=261215"}],"wp:term":[{"taxonomy":"category","embeddable":true,"href":"https:\/\/www.europesays.com\/de\/wp-json\/wp\/v2\/categories?post=261215"},{"taxonomy":"post_tag","embeddable":true,"href":"https:\/\/www.europesays.com\/de\/wp-json\/wp\/v2\/tags?post=261215"}],"curies":[{"name":"wp","href":"https:\/\/api.w.org\/{rel}","templated":true}]}}