{"id":261217,"date":"2025-07-12T00:46:16","date_gmt":"2025-07-12T00:46:16","guid":{"rendered":"https:\/\/www.europesays.com\/de\/261217\/"},"modified":"2025-07-12T00:46:16","modified_gmt":"2025-07-12T00:46:16","slug":"wiesbaden-autofahrer-aus-fahrzeug-gezerrt-und-geschlagen","status":"publish","type":"post","link":"https:\/\/www.europesays.com\/de\/261217\/","title":{"rendered":"Wiesbaden: Autofahrer aus Fahrzeug gezerrt und geschlagen"},"content":{"rendered":"<p>&#13;<br \/>\n        &#13;<br \/>\n&#13;<br \/>\n        &#13;<\/p>\n<p>            <a href=\"https:\/\/www.europesays.com\/de\/wp-content\/uploads\/2025\/07\/dan-burton-nRW4I8kuyd8-unsplash.jpg\" data-caption=\"(Symbolbild: Dan Burton auf Unsplash)\"><img loading=\"lazy\" decoding=\"async\" width=\"696\" height=\"464\" class=\"entry-thumb td-modal-image\" src=\"data:image\/svg+xml,%3Csvg%20xmlns=\" http:=\"\" data-lazy- data-lazy- alt=\"\" title=\"Gewalt, Polizei rmv\" data-lazy-src=\"https:\/\/www.europesays.com\/de\/wp-content\/uploads\/2025\/07\/dan-burton-nRW4I8kuyd8-unsplash.jpg\"\/><\/a>(Symbolbild: Dan Burton auf Unsplash)<\/p>\n<p>Am Mittwochabend (9.) griffen mehrere Personen in Wiesbaden einen Autofahrer an. Dieser musste in Krankenhaus behandelt werden.<\/p>\n<p>Gegen 20 Uhr war der 35-J\u00e4hrige mit seinem Fahrzeug von der Hellmundstra\u00dfe kommend verbotenerweise in die Wellritzstra\u00dfe eingefahren. Dabei sei es nach aktuellem Stand der Ermittlungen zum Streit mit einem unbekannten Mann gekommen, der den 35-J\u00e4hrigen unvermittelt angegriffen und mehrfach geschlagen haben soll. Als der Mann mit seinem Fahrzeug habe fl\u00fcchten wollen, seien eine Vielzahl von Personen hinter dem Fahrzeug hergerannt, h\u00e4tten den Mann aus dem Fahrzeug gezogen und am Boden liegend mehrfach getreten und geschlagen. Anschlie\u00dfend seien diese gefl\u00fcchtet. Obwohl mehrere Zeuginnen und Zeugen vor Ort waren, konnte der Ablauf der Tat bisher nicht rekonstruiert werden.<\/p>\n<p>Zeuginnen und Zeugen der Tat werden gebeten, das 1. Polizeirevier Wiesbaden unter der Rufnummer (0611) 345 \u2013 2140 zu informieren.<\/p>\n<p>(Text: PM PP Westhessen)<\/p>\n<p><a href=\"https:\/\/www.rheinmainverlag.de\/author\/ahessberger\/\" rel=\"nofollow noopener\" target=\"_blank\"><img loading=\"lazy\" decoding=\"async\" src=\"data:image\/svg+xml,%3Csvg%20xmlns=\" http:=\"\" width=\"200\" height=\"200\" alt=\"\" itemprop=\"image\" data-lazy-src=\"https:\/\/www.europesays.com\/de\/wp-content\/uploads\/2025\/04\/Katja_Hessberger.jpg\"\/><\/a><\/p>\n<p>\u2026 erschlie\u00dft sich ihre Welt, indem sie viel Zeit in der Natur verbringt. Bei langen Fahrradtouren und sch\u00f6ne Wanderungen tankt sie Kraft. Lokale Themen sind ihre Welt. Sowohl in den Printprodukten als auch online informiert sie am liebsten \u00fcber Polizeiberichte, Tiergeschichten und Umweltthemen. Absolute Lieblingsbesch\u00e4ftigung in der Adventszeit: Pl\u00e4tzchen backen.<br \/>Mag: Tiere | Backen | Lokale Geschichten<\/p>\n<p>Set your Author Custom HTML Tab Content on your <a href=\"https:\/\/www.rheinmainverlag.de\/wp-admin\/profile.php#sabox-custom-job-title\" target=\"_blank\" class=\"clickable\" rel=\"nofollow noopener\">Profile page<\/a><\/p>\n<p>        &#13;<br \/>\n&#13;<br \/>\n        &#13;<br \/>\n                        &#13;<br \/>\n            &#13;<br \/>\n&#13;<br \/>\n                                                        &#13;<br \/>\n&#13;<\/p>\n","protected":false},"excerpt":{"rendered":"&#13; &#13; &#13; &#13; (Symbolbild: Dan Burton auf Unsplash) Am Mittwochabend (9.) griffen mehrere Personen in Wiesbaden einen&hellip;\n","protected":false},"author":2,"featured_media":261218,"comment_status":"","ping_status":"","sticky":false,"template":"","format":"standard","meta":{"footnotes":""},"categories":[1847],"tags":[3364,29,548,663,3934,30,13,2052,14,15,12,4544],"class_list":{"0":"post-261217","1":"post","2":"type-post","3":"status-publish","4":"format-standard","5":"has-post-thumbnail","7":"category-wiesbaden","8":"tag-de","9":"tag-deutschland","10":"tag-eu","11":"tag-europa","12":"tag-europe","13":"tag-germany","14":"tag-headlines","15":"tag-hessen","16":"tag-nachrichten","17":"tag-news","18":"tag-schlagzeilen","19":"tag-wiesbaden"},"share_on_mastodon":{"url":"https:\/\/pubeurope.com\/@de\/114837506631718960","error":""},"_links":{"self":[{"href":"https:\/\/www.europesays.com\/de\/wp-json\/wp\/v2\/posts\/261217","targetHints":{"allow":["GET"]}}],"collection":[{"href":"https:\/\/www.europesays.com\/de\/wp-json\/wp\/v2\/posts"}],"about":[{"href":"https:\/\/www.europesays.com\/de\/wp-json\/wp\/v2\/types\/post"}],"author":[{"embeddable":true,"href":"https:\/\/www.europesays.com\/de\/wp-json\/wp\/v2\/users\/2"}],"replies":[{"embeddable":true,"href":"https:\/\/www.europesays.com\/de\/wp-json\/wp\/v2\/comments?post=261217"}],"version-history":[{"count":0,"href":"https:\/\/www.europesays.com\/de\/wp-json\/wp\/v2\/posts\/261217\/revisions"}],"wp:featuredmedia":[{"embeddable":true,"href":"https:\/\/www.europesays.com\/de\/wp-json\/wp\/v2\/media\/261218"}],"wp:attachment":[{"href":"https:\/\/www.europesays.com\/de\/wp-json\/wp\/v2\/media?parent=261217"}],"wp:term":[{"taxonomy":"category","embeddable":true,"href":"https:\/\/www.europesays.com\/de\/wp-json\/wp\/v2\/categories?post=261217"},{"taxonomy":"post_tag","embeddable":true,"href":"https:\/\/www.europesays.com\/de\/wp-json\/wp\/v2\/tags?post=261217"}],"curies":[{"name":"wp","href":"https:\/\/api.w.org\/{rel}","templated":true}]}}