{"id":261225,"date":"2025-07-12T00:51:19","date_gmt":"2025-07-12T00:51:19","guid":{"rendered":"https:\/\/www.europesays.com\/de\/261225\/"},"modified":"2025-07-12T00:51:19","modified_gmt":"2025-07-12T00:51:19","slug":"nordrhein-westfalen-kliniken-scheitern-vor-ovg-mit-beschwerden-zur-nrw-reform","status":"publish","type":"post","link":"https:\/\/www.europesays.com\/de\/261225\/","title":{"rendered":"Nordrhein-Westfalen: Kliniken scheitern vor OVG mit Beschwerden zur NRW-Reform"},"content":{"rendered":"<p>                    Nordrhein-Westfalen<br \/>\n                Kliniken scheitern vor OVG mit Beschwerden zur NRW-Reform<\/p>\n<p>\t\t\t\t              11.07.2025, 17:13 Uhr<\/p>\n<p><strong>Krankenh\u00e4user aus mehreren NRW-St\u00e4dten sind mit ihren Beschwerden gegen die Klinikreform auch vor dem Oberverwaltungsgericht gescheitert. Dabei bleibt es bei der Auswahl der Versorgungsauftr\u00e4ge.<\/strong><\/p>\n<p>M\u00fcnster (dpa\/lnw) &#8211; Im Streit um die Klinikreform in Nordrhein-Westfalen und die damit verbundenen Versorgungsauftr\u00e4ge haben Kliniken aus Herne, D\u00fcsseldorf und M\u00f6nchengladbach auch vor dem Oberverwaltungsgericht (OVG) in M\u00fcnster keinen Erfolg mit ihren Beschwerden. Wie in der Vorinstanz an den Verwaltungsgerichten in Gelsenkirchen und D\u00fcsseldorf sehen die OVG-Richter in den Eilverfahren keinen Grund, die Entscheidungen der zust\u00e4ndigen Bezirksregierungen zu kippen. Die Beschl\u00fcsse sind nicht anfechtbar, teilte das Gericht mit.<\/p>\n<p>Die Auswahlentscheidungen der zust\u00e4ndigen Bezirksregierungen seien in allen F\u00e4llen ohne Fehler passiert, teilte das Gericht zur Begr\u00fcndung mit. Dabei ging es zum einen um das Einhalten der Qualit\u00e4tsstandards, der Mindestvoraussetzungen oder der Leistungsf\u00e4higkeit der Krankenh\u00e4user, aber auch um das Vermeiden von \u00dcberkapazit\u00e4ten.<\/p>\n<p>Am OVG sind weiterhin 35 Eilverfahren anh\u00e4ngig, bei denen es um Beschwerden gegen die Umsetzung des Krankenhausplans NRW geht.<\/p>\n","protected":false},"excerpt":{"rendered":"Nordrhein-Westfalen Kliniken scheitern vor OVG mit Beschwerden zur NRW-Reform 11.07.2025, 17:13 Uhr Krankenh\u00e4user aus mehreren NRW-St\u00e4dten sind mit&hellip;\n","protected":false},"author":2,"featured_media":261226,"comment_status":"","ping_status":"","sticky":false,"template":"","format":"standard","meta":{"footnotes":""},"categories":[1843],"tags":[49930,3364,29,30,4344,8970,1209,79282,31298],"class_list":{"0":"post-261225","1":"post","2":"type-post","3":"status-publish","4":"format-standard","5":"has-post-thumbnail","7":"category-muenster","8":"tag-beschwerden","9":"tag-de","10":"tag-deutschland","11":"tag-germany","12":"tag-kliniken","13":"tag-muenster","14":"tag-nordrhein-westfalen","15":"tag-nrw-reform","16":"tag-ovg"},"share_on_mastodon":{"url":"https:\/\/pubeurope.com\/@de\/114837525832171632","error":""},"_links":{"self":[{"href":"https:\/\/www.europesays.com\/de\/wp-json\/wp\/v2\/posts\/261225","targetHints":{"allow":["GET"]}}],"collection":[{"href":"https:\/\/www.europesays.com\/de\/wp-json\/wp\/v2\/posts"}],"about":[{"href":"https:\/\/www.europesays.com\/de\/wp-json\/wp\/v2\/types\/post"}],"author":[{"embeddable":true,"href":"https:\/\/www.europesays.com\/de\/wp-json\/wp\/v2\/users\/2"}],"replies":[{"embeddable":true,"href":"https:\/\/www.europesays.com\/de\/wp-json\/wp\/v2\/comments?post=261225"}],"version-history":[{"count":0,"href":"https:\/\/www.europesays.com\/de\/wp-json\/wp\/v2\/posts\/261225\/revisions"}],"wp:featuredmedia":[{"embeddable":true,"href":"https:\/\/www.europesays.com\/de\/wp-json\/wp\/v2\/media\/261226"}],"wp:attachment":[{"href":"https:\/\/www.europesays.com\/de\/wp-json\/wp\/v2\/media?parent=261225"}],"wp:term":[{"taxonomy":"category","embeddable":true,"href":"https:\/\/www.europesays.com\/de\/wp-json\/wp\/v2\/categories?post=261225"},{"taxonomy":"post_tag","embeddable":true,"href":"https:\/\/www.europesays.com\/de\/wp-json\/wp\/v2\/tags?post=261225"}],"curies":[{"name":"wp","href":"https:\/\/api.w.org\/{rel}","templated":true}]}}