{"id":261242,"date":"2025-07-12T01:00:27","date_gmt":"2025-07-12T01:00:27","guid":{"rendered":"https:\/\/www.europesays.com\/de\/261242\/"},"modified":"2025-07-12T01:00:27","modified_gmt":"2025-07-12T01:00:27","slug":"besonderes-geschenk-fuer-wankumer-ukraine-helfer-mit-der-post","status":"publish","type":"post","link":"https:\/\/www.europesays.com\/de\/261242\/","title":{"rendered":"Besonderes Geschenk f\u00fcr Wankumer Ukraine-Helfer mit der Post"},"content":{"rendered":"<p class=\"text_ohne_einzug richtext text-em-55 !leading-serif mx-6 desktop:mx-0\">Als Hans Druyen vor ein paar Wochen die Post reinholte, fiel sein Blick sofort auf ein merkw\u00fcrdiges P\u00e4ckchen, das er nicht zuordnen konnte. Aufgegeben worden war es in Kronberg im Taunus. Doch der Inhalt hatte eine noch weitere Reise hinter sich, denn er stammt direkt aus der <a href=\"https:\/\/rp-online.de\/thema\/ukraine\/\" target=\"_blank\" rel=\"noopener\">Ukraine<\/a>. Im P\u00e4ckchen befanden sich zwei Urkunden. \u201eIm Namen der B\u00fcrger der Stadt Kamjanez-Podilskyj und der Fl\u00fcchtlinge aus dem Osten \u00e4u\u00dfern wir unser Dankesch\u00f6n den deutschen Freunden f\u00fcr die Unterst\u00fctzung in Not\u201c, steht auf einer geschrieben, die zweite richtet sich pers\u00f6nlich an den Organisator dieser Hilfen und das ist Hans Druyen.<\/p>\n","protected":false},"excerpt":{"rendered":"Als Hans Druyen vor ein paar Wochen die Post reinholte, fiel sein Blick sofort auf ein merkw\u00fcrdiges P\u00e4ckchen,&hellip;\n","protected":false},"author":2,"featured_media":261243,"comment_status":"","ping_status":"","sticky":false,"template":"","format":"standard","meta":{"footnotes":""},"categories":[4012],"tags":[331,332,79288,6017,9339,13,79289,14,15,79290,79291,17547,79292,12,6857,317,16061,59549],"class_list":{"0":"post-261242","1":"post","2":"type-post","3":"status-publish","4":"format-standard","5":"has-post-thumbnail","7":"category-ukraine","8":"tag-aktuelle-nachrichten","9":"tag-aktuelle-news","10":"tag-druyen","11":"tag-front","12":"tag-hans","13":"tag-headlines","14":"tag-kamjanez","15":"tag-nachrichten","16":"tag-news","17":"tag-paeckchen","18":"tag-podilskyj","19":"tag-post","20":"tag-raissa","21":"tag-schlagzeilen","22":"tag-spenden","23":"tag-ukraine","24":"tag-ukrainer","25":"tag-westukraine"},"share_on_mastodon":{"url":"https:\/\/pubeurope.com\/@de\/114837561234007517","error":""},"_links":{"self":[{"href":"https:\/\/www.europesays.com\/de\/wp-json\/wp\/v2\/posts\/261242","targetHints":{"allow":["GET"]}}],"collection":[{"href":"https:\/\/www.europesays.com\/de\/wp-json\/wp\/v2\/posts"}],"about":[{"href":"https:\/\/www.europesays.com\/de\/wp-json\/wp\/v2\/types\/post"}],"author":[{"embeddable":true,"href":"https:\/\/www.europesays.com\/de\/wp-json\/wp\/v2\/users\/2"}],"replies":[{"embeddable":true,"href":"https:\/\/www.europesays.com\/de\/wp-json\/wp\/v2\/comments?post=261242"}],"version-history":[{"count":0,"href":"https:\/\/www.europesays.com\/de\/wp-json\/wp\/v2\/posts\/261242\/revisions"}],"wp:featuredmedia":[{"embeddable":true,"href":"https:\/\/www.europesays.com\/de\/wp-json\/wp\/v2\/media\/261243"}],"wp:attachment":[{"href":"https:\/\/www.europesays.com\/de\/wp-json\/wp\/v2\/media?parent=261242"}],"wp:term":[{"taxonomy":"category","embeddable":true,"href":"https:\/\/www.europesays.com\/de\/wp-json\/wp\/v2\/categories?post=261242"},{"taxonomy":"post_tag","embeddable":true,"href":"https:\/\/www.europesays.com\/de\/wp-json\/wp\/v2\/tags?post=261242"}],"curies":[{"name":"wp","href":"https:\/\/api.w.org\/{rel}","templated":true}]}}