{"id":261266,"date":"2025-07-12T01:15:18","date_gmt":"2025-07-12T01:15:18","guid":{"rendered":"https:\/\/www.europesays.com\/de\/261266\/"},"modified":"2025-07-12T01:15:18","modified_gmt":"2025-07-12T01:15:18","slug":"betrug-beim-offiziellen-ferrari-haendler-aus-nuernberg","status":"publish","type":"post","link":"https:\/\/www.europesays.com\/de\/261266\/","title":{"rendered":"Betrug beim offiziellen Ferrari-H\u00e4ndler aus N\u00fcrnberg?"},"content":{"rendered":"<p>Mertel Italo Cars, ein offiziell lizenzierter Ferrari-H\u00e4ndler aus N\u00fcrnberg, sieht sich mit schweren Betrugsvorw\u00fcrfen konfrontiert. &#8222;Wir ermitteln wegen Betrugs, Urkundenf\u00e4lschung und Insolvenzverschleppung&#8220;, best\u00e4tigt Heike Klotzb\u00fccher, Sprecherin der Staatsanwaltschaft N\u00fcrnberg-F\u00fcrth, auf Anfrage. Demnach habe die Polizei Anfang der Woche Durchsuchungen bei dem Luxusautoh\u00e4ndler in der fr\u00e4nkischen Gro\u00dfstadt durchgef\u00fchrt.<\/p>\n<p>Dutzende Autos, Schaden im dreistelligen Millionenbereich?<\/p>\n<p>&#8222;Ermittelt wird gegen zwei Hauptverantwortliche&#8220;, so die Sprecherin weiter. Ob Siegfried Mertel, als &#8222;General Manager&#8220; Chef des nach ihm benannten Autohauses, zu den Beschuldigten geh\u00f6rt, wollte sie nicht best\u00e4tigen. Mertel war f\u00fcr eine Stellungnahme bisher nicht zu erreichen.<\/p>\n<p>Der Vorwurf: F\u00fchrungskr\u00e4fte von Mertel Italo Cars sollen die teuren italienischen Sportwagen teils mehrfach verkauft haben. Wie die &#8222;Welt&#8220; berichtet, soll es dabei um dutzende Autos und eine Schadenssumme, die m\u00f6glicherweise im dreistelligen Millionen-Euro-Bereich liegt, gehen. Beides wollte die Staatsanwaltschaft nicht best\u00e4tigen. Die beiden Beschuldigten sollen sich dem Bericht zufolge ins arabische Ausland abgesetzt haben.<\/p>\n<p>Das Firmengel\u00e4nde von Mertel Italo Cars soll seit der Untersuchung abgesperrt sein, laut Google Maps hat der Autoh\u00e4ndler &#8222;vor\u00fcbergehend geschlossen&#8220;. Dennoch sollen besorgte Kundinnen und Kunden, die um ihr Geld und\/oder ihre Autos f\u00fcrchten, seit der Durchsuchung versucht haben, auf das Gel\u00e4nde am N\u00fcrnberger R\u00f6thensteig im Bezirk Nordwestliche Au\u00dfenstadt zu gelangen. Ruft man aktuell die auf der Website des Autohauses angezeigte Telefonnummer an, behauptet eine m\u00e4nnliche Stimme per Bandansage, dass &#8222;aufgrund eines Defekts an der Telefonanlage&#8220; keine Gespr\u00e4che entgegengenommen werden k\u00f6nnen.<\/p>\n<p>Langwierige Ermittlungen drohen<\/p>\n<p>Mit schnellen Ermittlungserfolgen ist derzeit nicht zu rechnen. Die Staatsanwaltschaft geht davon aus, in fr\u00fchestens zwei Monaten erste konkrete Erkenntnisse ver\u00f6ffentlichen zu k\u00f6nnen. &#8222;Wie bei Betrugsf\u00e4llen \u00fcblich m\u00fcssen nun viele Seiten Papier gelesen werden&#8220;, so die Sprecherin.<\/p>\n<p>Hinweis: Im Video nach dem zweiten Absatz und in der Fotoshow \u00fcber dem Artikel erfahren Sie, wie sich das neue Hybrid-Hypercar Ferrari F80 f\u00e4hrt.<\/p>\n","protected":false},"excerpt":{"rendered":"Mertel Italo Cars, ein offiziell lizenzierter Ferrari-H\u00e4ndler aus N\u00fcrnberg, sieht sich mit schweren Betrugsvorw\u00fcrfen konfrontiert. &#8222;Wir ermitteln wegen&hellip;\n","protected":false},"author":2,"featured_media":261267,"comment_status":"","ping_status":"","sticky":false,"template":"","format":"standard","meta":{"footnotes":""},"categories":[1837],"tags":[772,1483,3364,29,1574,30,3783,14498,79293,14099,601],"class_list":{"0":"post-261266","1":"post","2":"type-post","3":"status-publish","4":"format-standard","5":"has-post-thumbnail","7":"category-nuernberg","8":"tag-bayern","9":"tag-betrug","10":"tag-de","11":"tag-deutschland","12":"tag-ferrari","13":"tag-germany","14":"tag-nuernberg","15":"tag-politik-wirtschaft","16":"tag-politik-und-wirtschaft","17":"tag-sportwagen","18":"tag-verkehr"},"share_on_mastodon":{"url":"https:\/\/pubeurope.com\/@de\/114837620718565191","error":""},"_links":{"self":[{"href":"https:\/\/www.europesays.com\/de\/wp-json\/wp\/v2\/posts\/261266","targetHints":{"allow":["GET"]}}],"collection":[{"href":"https:\/\/www.europesays.com\/de\/wp-json\/wp\/v2\/posts"}],"about":[{"href":"https:\/\/www.europesays.com\/de\/wp-json\/wp\/v2\/types\/post"}],"author":[{"embeddable":true,"href":"https:\/\/www.europesays.com\/de\/wp-json\/wp\/v2\/users\/2"}],"replies":[{"embeddable":true,"href":"https:\/\/www.europesays.com\/de\/wp-json\/wp\/v2\/comments?post=261266"}],"version-history":[{"count":0,"href":"https:\/\/www.europesays.com\/de\/wp-json\/wp\/v2\/posts\/261266\/revisions"}],"wp:featuredmedia":[{"embeddable":true,"href":"https:\/\/www.europesays.com\/de\/wp-json\/wp\/v2\/media\/261267"}],"wp:attachment":[{"href":"https:\/\/www.europesays.com\/de\/wp-json\/wp\/v2\/media?parent=261266"}],"wp:term":[{"taxonomy":"category","embeddable":true,"href":"https:\/\/www.europesays.com\/de\/wp-json\/wp\/v2\/categories?post=261266"},{"taxonomy":"post_tag","embeddable":true,"href":"https:\/\/www.europesays.com\/de\/wp-json\/wp\/v2\/tags?post=261266"}],"curies":[{"name":"wp","href":"https:\/\/api.w.org\/{rel}","templated":true}]}}